{"id":1064,"date":"2017-08-14T09:01:32","date_gmt":"2017-08-14T07:01:32","guid":{"rendered":"http:\/\/autotesto.pl\/blog\/?p=1064"},"modified":"2017-08-14T09:01:32","modified_gmt":"2017-08-14T07:01:32","slug":"oslepiajace-slonce-a-jazda-samochodem-jak-zminimalizowac-ryzyko-olsnienia","status":"publish","type":"post","link":"https:\/\/www.autotesto.pl\/blog\/oslepiajace-slonce-a-jazda-samochodem-jak-zminimalizowac-ryzyko-olsnienia\/","title":{"rendered":"O\u015blepiaj\u0105ce s\u0142o\u0144ce a jazda samochodem &#8211; jak zminimalizowa\u0107 ryzyko ol\u015bnienia?"},"content":{"rendered":"<span class=\"span-reading-time rt-reading-time\" style=\"display: block;\"><span class=\"rt-label rt-prefix\">Czas czytania artyku\u0142u:<\/span> <span class=\"rt-time\"> 3<\/span> <span class=\"rt-label rt-postfix\">minut<\/span><\/span><p>&nbsp;<\/p><div id=\"ez-toc-container\" class=\"ez-toc-v2_0_73 counter-hierarchy ez-toc-counter ez-toc-grey ez-toc-container-direction\">\n<div class=\"ez-toc-title-container\">\n<p class=\"ez-toc-title\" style=\"cursor:inherit\">Z tego artyku\u0142u dowiesz si\u0119:<\/p>\n<span class=\"ez-toc-title-toggle\"><a href=\"#\" class=\"ez-toc-pull-right ez-toc-btn ez-toc-btn-xs ez-toc-btn-default ez-toc-toggle\" aria-label=\"Toggle Table of Content\"><span class=\"ez-toc-js-icon-con\"><span class=\"\"><span class=\"eztoc-hide\" style=\"display:none;\">Toggle<\/span><span class=\"ez-toc-icon-toggle-span\"><svg style=\"fill: #999;color:#999\" xmlns=\"http:\/\/www.w3.org\/2000\/svg\" class=\"list-377408\" width=\"20px\" height=\"20px\" viewBox=\"0 0 24 24\" fill=\"none\"><path d=\"M6 6H4v2h2V6zm14 0H8v2h12V6zM4 11h2v2H4v-2zm16 0H8v2h12v-2zM4 16h2v2H4v-2zm16 0H8v2h12v-2z\" fill=\"currentColor\"><\/path><\/svg><svg style=\"fill: #999;color:#999\" class=\"arrow-unsorted-368013\" xmlns=\"http:\/\/www.w3.org\/2000\/svg\" width=\"10px\" height=\"10px\" viewBox=\"0 0 24 24\" version=\"1.2\" baseProfile=\"tiny\"><path d=\"M18.2 9.3l-6.2-6.3-6.2 6.3c-.2.2-.3.4-.3.7s.1.5.3.7c.2.2.4.3.7.3h11c.3 0 .5-.1.7-.3.2-.2.3-.5.3-.7s-.1-.5-.3-.7zM5.8 14.7l6.2 6.3 6.2-6.3c.2-.2.3-.5.3-.7s-.1-.5-.3-.7c-.2-.2-.4-.3-.7-.3h-11c-.3 0-.5.1-.7.3-.2.2-.3.5-.3.7s.1.5.3.7z\"\/><\/svg><\/span><\/span><\/span><\/a><\/span><\/div>\n<nav><ul class='ez-toc-list ez-toc-list-level-1 ' ><li class='ez-toc-page-1 ez-toc-heading-level-3'><a class=\"ez-toc-link ez-toc-heading-1\" href=\"https:\/\/www.autotesto.pl\/blog\/oslepiajace-slonce-a-jazda-samochodem-jak-zminimalizowac-ryzyko-olsnienia\/#Kiedy_najbardziej_nalezy_obawiac_sie_slonca\" title=\"Kiedy najbardziej nale\u017cy obawia\u0107 si\u0119 s\u0142o\u0144ca?\">Kiedy najbardziej nale\u017cy obawia\u0107 si\u0119 s\u0142o\u0144ca?<\/a><\/li><li class='ez-toc-page-1 ez-toc-heading-level-3'><a class=\"ez-toc-link ez-toc-heading-2\" href=\"https:\/\/www.autotesto.pl\/blog\/oslepiajace-slonce-a-jazda-samochodem-jak-zminimalizowac-ryzyko-olsnienia\/#Zapobieganie_oslepieniu_slonecznemu\" title=\"Zapobieganie o\u015blepieniu s\u0142onecznemu\">Zapobieganie o\u015blepieniu s\u0142onecznemu<\/a><\/li><li class='ez-toc-page-1 ez-toc-heading-level-3'><a class=\"ez-toc-link ez-toc-heading-3\" href=\"https:\/\/www.autotesto.pl\/blog\/oslepiajace-slonce-a-jazda-samochodem-jak-zminimalizowac-ryzyko-olsnienia\/#Okulary_przeciwsloneczne_to_podstawa\" title=\"Okulary przeciws\u0142oneczne to podstawa\">Okulary przeciws\u0142oneczne to podstawa<\/a><\/li><\/ul><\/nav><\/div>\n\n<p>Z\u0142y stan techniczny samochodu to nie jedyny czynnik, jaki mo\u017ce stanowi\u0107 zagro\u017cenie na drodze \u2013 zar\u00f3wno dla os\u00f3b poruszaj\u0105cych si\u0119 niesprawnym pojazdem, jak i dla innych uczestnik\u00f3w ruchu, kt\u00f3rzy znale\u017ali si\u0119 w tym samym miejscu co on. Wiele wyzwa\u0144, a tym samym test\u00f3w z przygotowania do bycia kierowc\u0105, mo\u017cemy si\u0119 spodziewa\u0107 r\u00f3wnie\u017c od samej natury, gdy\u017c warunki pogodowe stanowi\u0105 bardzo cz\u0119sto przyczyn\u0119 niekt\u00f3rych zdarze\u0144 w ruchu drogowym. M\u00f3wi si\u0119 mi\u0119dzy innymi, \u017ce \u201ekierowca nie dostosowa\u0142 pr\u0119dko\u015bci do warunk\u00f3w panuj\u0105cych na drodze\u201d. Zwykle chodzi tu o mokr\u0105 nawierzchni\u0119, czy te\u017c oblodzon\u0105, kt\u00f3r\u0105 nie tylko zmniejszy\u0142a przyczepno\u015b\u0107 ogumienia, ale i sprawi\u0142a, \u017ce na pr\u00f3b\u0119 zosta\u0142y wystawione nasze umiej\u0119tno\u015bci. Czy jednak w s\u0142oneczny dzie\u0144 \u2013 np. podczas wyjazdu wakacyjnego \u2013 pogoda mo\u017ce zagrozi\u0107 naszemu bezpiecze\u0144stwu? Okazuje si\u0119, \u017ce tak, a chodzi tu o o\u015blepiaj\u0105ce s\u0142o\u0144ce, przed kt\u00f3rym powinni\u015bmy si\u0119 odpowiednio zabezpieczy\u0107. <b><\/b><\/p>\n<h3><span class=\"ez-toc-section\" id=\"Kiedy_najbardziej_nalezy_obawiac_sie_slonca\"><\/span><b><br \/>\nKiedy najbardziej nale\u017cy obawia\u0107 si\u0119 s\u0142o\u0144ca?<\/b><span class=\"ez-toc-section-end\"><\/span><\/h3>\n<p>Latem, gdy s\u0142o\u0144ce jest w zenicie, nie odczuwamy tak jego o\u015blepiaj\u0105cych w\u0142a\u015bciwo\u015bci, gdy\u017c mamy je bardziej nad sob\u0105 ni\u017c przed sob\u0105. Z kolei jesieni\u0105, droga s\u0142o\u0144ca jest skr\u00f3cona i przebiega po o wiele mniejszym \u0142uku, co z kolei mo\u017ce prowadzi\u0107 do sytuacji, \u017ce b\u0119dzie nam ono \u015bwieci\u0107 prosto w twarz. Najbardziej nara\u017ceni na ol\u015bnienie s\u0142oneczne s\u0105 wi\u0119c ci kierowcy, kt\u00f3rzy wyruszaj\u0105 w podr\u00f3\u017c:<br \/>\n&#8211; na kr\u00f3tko po wschodzie s\u0142o\u0144ca (w ci\u0105gu 45 pierwszych minut ryzyko o\u015blepienia przez znajduj\u0105ce si\u0119 nisko s\u0142o\u0144ce jest bardzo wysokie),<br \/>\n&#8211; na odcinku biegn\u0105cym w kierunku wschodnio-zachodnim (np. jad\u0105c polsk\u0105 autostrad\u0105 A2),<br \/>\n&#8211; bez odpowiedniego zabezpieczenia w postaci okular\u00f3w przeciws\u0142onecznych.<br \/>\n<b><\/b><\/p>\n<h3><a href=\"https:\/\/www.autotesto.pl\/blog\/wp-content\/uploads\/2017\/08\/cars-2178372_1920.jpg\"><img loading=\"lazy\" decoding=\"async\" class=\"aligncenter wp-image-1065 size-full\" src=\"https:\/\/www.autotesto.pl\/blog\/wp-content\/uploads\/2017\/08\/cars-2178372_1920.jpg\" alt=\"\" width=\"1920\" height=\"1280\" srcset=\"https:\/\/www.autotesto.pl\/blog\/wp-content\/uploads\/2017\/08\/cars-2178372_1920.jpg 1920w, https:\/\/www.autotesto.pl\/blog\/wp-content\/uploads\/2017\/08\/cars-2178372_1920-300x200.jpg 300w, https:\/\/www.autotesto.pl\/blog\/wp-content\/uploads\/2017\/08\/cars-2178372_1920-768x512.jpg 768w, https:\/\/www.autotesto.pl\/blog\/wp-content\/uploads\/2017\/08\/cars-2178372_1920-1200x800.jpg 1200w, https:\/\/www.autotesto.pl\/blog\/wp-content\/uploads\/2017\/08\/cars-2178372_1920-837x558.jpg 837w, https:\/\/www.autotesto.pl\/blog\/wp-content\/uploads\/2017\/08\/cars-2178372_1920-667x445.jpg 667w, https:\/\/www.autotesto.pl\/blog\/wp-content\/uploads\/2017\/08\/cars-2178372_1920-272x181.jpg 272w, https:\/\/www.autotesto.pl\/blog\/wp-content\/uploads\/2017\/08\/cars-2178372_1920-750x500.jpg 750w\" sizes=\"auto, (max-width: 1920px) 100vw, 1920px\" \/><\/a><\/h3>\n<h3><span class=\"ez-toc-section\" id=\"Zapobieganie_oslepieniu_slonecznemu\"><\/span><b><br \/>\nZapobieganie o\u015blepieniu s\u0142onecznemu<\/b><span class=\"ez-toc-section-end\"><\/span><\/h3>\n<p>By przeciwdzia\u0142a\u0107 skutkom ol\u015bnienia i zabezpieczy\u0107 si\u0119 przeciw zagro\u017ceniu, jakie niesie ze sob\u0105 to zjawisko, warto mie\u0107 ze sob\u0105 zawsze okulary przeciws\u0142oneczne (zw\u0142aszcza modele polaryzacyjne oka\u017c\u0105 si\u0119 tu bardzo funkcjonalne). To jednak nie wszystko. Sposob\u00f3w na minimalizacj\u0119 zagro\u017cenia wynikaj\u0105cego z tego zjawiska jest jeszcze kilka, dlatego kierowcy, kt\u00f3rzy ceni\u0105 sobie bezpiecze\u0144stwo dok\u0142adaj\u0105 wszelkich stara\u0144, aby:<br \/>\n&#8211; w ich poje\u017adzie szyby by\u0142y czyste (zabrudzenia rozszczepiaj\u0105 \u015bwiat\u0142o i dodatkowo pot\u0119guj\u0105 efekt ol\u015bnienia),<br \/>\n&#8211; wyrobi\u0107 w sobie nawyk automatycznego zdj\u0119cia nogi z gazu, gdy zostan\u0105 o\u015blepieni przez s\u0142o\u0144ce (bez gwa\u0142townego hamowania, czy innych niespodziewanych manewr\u00f3w),<br \/>\n&#8211; nie stwarza\u0107 zagro\u017cenia i dodatkowo nie ryzykowa\u0107 \u017cyciem swoich i innych poprzez rezygnacj\u0119 z wyprzedzania w takich warunkach (sytuacja ta dotyczy kierowc\u00f3w maj\u0105cych niskie s\u0142o\u0144ce za plecami, kt\u00f3re mog\u0142oby spowodowa\u0107 o\u015blepienie jad\u0105cych z przeciwka pojazd\u00f3w).<b><\/b><\/p>\n<h3><span class=\"ez-toc-section\" id=\"Okulary_przeciwsloneczne_to_podstawa\"><\/span><b><br \/>\nOkulary przeciws\u0142oneczne to podstawa<\/b><span class=\"ez-toc-section-end\"><\/span><\/h3>\n<p>Dora\u017an\u0105 pomoc\u0105 w sytuacji, gdy s\u0142o\u0144ce stoi nisko na widnokr\u0119gu i o\u015blepia nas podczas jazdy s\u0105 oczywi\u015bcie montowane seryjnie w ka\u017cdym aucie daszki przeciws\u0142oneczne. Maj\u0105 one jednak to do siebie, \u017ce ograniczaj\u0105 w pewnym stopniu widoczno\u015b\u0107, dlatego o wiele bardziej pragmatycznym posuni\u0119ciem b\u0119dzie zakup okular\u00f3w przeciws\u0142onecznych do jazdy samochodem. Dlaczego? Opr\u00f3cz redukcji ol\u015bnienia maj\u0105 one r\u00f3wnie\u017c wp\u0142yw na ochron\u0119 wzroku i jego adaptacj\u0119 do warunk\u00f3w na drodze, komfort prowadzenia pojazdu, a tak\u017ce lepsze i szybsze przystosowanie si\u0119 do widzenia w nocy, gdy podr\u00f3\u017c jest na tyle d\u0142uga. Oczywi\u015bcie noc\u0105 nie powinno si\u0119 ich u\u017cywa\u0107, gdy\u017c nawet je\u015bli redukuj\u0105 blask reflektor\u00f3w jad\u0105cych z przeciwka aut to r\u00f3wnie\u017c znacznie ograniczaj\u0105 widoczno\u015b\u0107 i mog\u0105 wyd\u0142u\u017cy\u0107 czas reakcji na zagro\u017cenie. Kupuj\u0105c okulary przeciws\u0142oneczne warto pami\u0119ta\u0107 o tym, aby by\u0142 to model:<br \/>\n&#8211; z filtrem polaryzacyjnym (odbijaj\u0105cym \u015bwiat\u0142o),<br \/>\n&#8211; z filtrem UV (ochrona wzroku przed s\u0142o\u0144cem jest r\u00f3wnie wa\u017cna co dobra widoczno\u015b\u0107 na drodze),<br \/>\n&#8211; z umiarkowanym przyciemnieniem,<br \/>\n&#8211; z klasycznymi szk\u0142ami dobrze oddaj\u0105cymi barwy otoczenia (np. odmiana r\u00f3\u017cowych szkie\u0142 powoduje zaburzenie widzenia i rozpoznawania barw i mo\u017ce negatywnie wp\u0142yn\u0105\u0107 na reakcj\u0119 na powsta\u0142e zagro\u017cenie lub w og\u00f3le dostrze\u017cenie go odpowiednio wcze\u015bnie).<\/p>\n<p><a href=\"https:\/\/www.autotesto.pl\/blog\/wp-content\/uploads\/2017\/08\/Sunglasses-1.jpg\"><img loading=\"lazy\" decoding=\"async\" class=\"aligncenter wp-image-1067 size-full\" src=\"https:\/\/www.autotesto.pl\/blog\/wp-content\/uploads\/2017\/08\/Sunglasses-1.jpg\" alt=\"\" width=\"1600\" height=\"1200\" srcset=\"https:\/\/www.autotesto.pl\/blog\/wp-content\/uploads\/2017\/08\/Sunglasses-1.jpg 1600w, https:\/\/www.autotesto.pl\/blog\/wp-content\/uploads\/2017\/08\/Sunglasses-1-300x225.jpg 300w, https:\/\/www.autotesto.pl\/blog\/wp-content\/uploads\/2017\/08\/Sunglasses-1-768x576.jpg 768w, https:\/\/www.autotesto.pl\/blog\/wp-content\/uploads\/2017\/08\/Sunglasses-1-1200x900.jpg 1200w, https:\/\/www.autotesto.pl\/blog\/wp-content\/uploads\/2017\/08\/Sunglasses-1-837x628.jpg 837w, https:\/\/www.autotesto.pl\/blog\/wp-content\/uploads\/2017\/08\/Sunglasses-1-667x500.jpg 667w, https:\/\/www.autotesto.pl\/blog\/wp-content\/uploads\/2017\/08\/Sunglasses-1-272x204.jpg 272w, https:\/\/www.autotesto.pl\/blog\/wp-content\/uploads\/2017\/08\/Sunglasses-1-750x563.jpg 750w\" sizes=\"auto, (max-width: 1600px) 100vw, 1600px\" \/><\/a><\/p>\n","protected":false},"excerpt":{"rendered":"<p><span class=\"span-reading-time rt-reading-time\" style=\"display: block;\"><span class=\"rt-label rt-prefix\">Czas czytania artyku\u0142u:<\/span> <span class=\"rt-time\"> 3<\/span> <span class=\"rt-label rt-postfix\">minut<\/span><\/span>&nbsp; Z\u0142y stan techniczny samochodu to nie jedyny czynnik, jaki mo\u017ce stanowi\u0107 zagro\u017cenie na drodze \u2013 zar\u00f3wno dla os\u00f3b poruszaj\u0105cych si\u0119 niesprawnym pojazdem, jak i dla innych uczestnik\u00f3w ruchu, kt\u00f3rzy&#8230;<\/p>\n","protected":false},"author":3,"featured_media":1066,"comment_status":"open","ping_status":"open","sticky":false,"template":"","format":"standard","meta":{"footnotes":""},"categories":[4,6,7],"tags":[],"class_list":["post-1064","post","type-post","status-publish","format-standard","has-post-thumbnail","hentry","category-fakty-mity-stereotypy","category-moto-lifestyle","category-porady-autotesto"],"aioseo_notices":[],"_links":{"self":[{"href":"https:\/\/www.autotesto.pl\/blog\/wp-json\/wp\/v2\/posts\/1064","targetHints":{"allow":["GET"]}}],"collection":[{"href":"https:\/\/www.autotesto.pl\/blog\/wp-json\/wp\/v2\/posts"}],"about":[{"href":"https:\/\/www.autotesto.pl\/blog\/wp-json\/wp\/v2\/types\/post"}],"author":[{"embeddable":true,"href":"https:\/\/www.autotesto.pl\/blog\/wp-json\/wp\/v2\/users\/3"}],"replies":[{"embeddable":true,"href":"https:\/\/www.autotesto.pl\/blog\/wp-json\/wp\/v2\/comments?post=1064"}],"version-history":[{"count":0,"href":"https:\/\/www.autotesto.pl\/blog\/wp-json\/wp\/v2\/posts\/1064\/revisions"}],"wp:featuredmedia":[{"embeddable":true,"href":"https:\/\/www.autotesto.pl\/blog\/wp-json\/wp\/v2\/media\/1066"}],"wp:attachment":[{"href":"https:\/\/www.autotesto.pl\/blog\/wp-json\/wp\/v2\/media?parent=1064"}],"wp:term":[{"taxonomy":"category","embeddable":true,"href":"https:\/\/www.autotesto.pl\/blog\/wp-json\/wp\/v2\/categories?post=1064"},{"taxonomy":"post_tag","embeddable":true,"href":"https:\/\/www.autotesto.pl\/blog\/wp-json\/wp\/v2\/tags?post=1064"}],"curies":[{"name":"wp","href":"https:\/\/api.w.org\/{rel}","templated":true}]}}