{"id":1291,"date":"2018-05-07T10:03:42","date_gmt":"2018-05-07T08:03:42","guid":{"rendered":"https:\/\/www.autotesto.pl\/blog\/?p=1291"},"modified":"2025-04-15T10:52:35","modified_gmt":"2025-04-15T08:52:35","slug":"swiatla-do-jazdy-dziennej-czy-juz-swiatla-mijania","status":"publish","type":"post","link":"https:\/\/www.autotesto.pl\/blog\/swiatla-do-jazdy-dziennej-czy-juz-swiatla-mijania\/","title":{"rendered":"\u015awiat\u0142a do jazdy dziennej, czy ju\u017c \u015bwiat\u0142a mijania?"},"content":{"rendered":"<span class=\"span-reading-time rt-reading-time\" style=\"display: block;\"><span class=\"rt-label rt-prefix\">Czas czytania artyku\u0142u:<\/span> <span class=\"rt-time\"> 3<\/span> <span class=\"rt-label rt-postfix\">minut<\/span><\/span><p>\u00a0<\/p><div id=\"ez-toc-container\" class=\"ez-toc-v2_0_73 counter-hierarchy ez-toc-counter ez-toc-grey ez-toc-container-direction\">\n<div class=\"ez-toc-title-container\">\n<p class=\"ez-toc-title\" style=\"cursor:inherit\">Z tego artyku\u0142u dowiesz si\u0119:<\/p>\n<span class=\"ez-toc-title-toggle\"><a href=\"#\" class=\"ez-toc-pull-right ez-toc-btn ez-toc-btn-xs ez-toc-btn-default ez-toc-toggle\" aria-label=\"Toggle Table of Content\"><span class=\"ez-toc-js-icon-con\"><span class=\"\"><span class=\"eztoc-hide\" style=\"display:none;\">Toggle<\/span><span class=\"ez-toc-icon-toggle-span\"><svg style=\"fill: #999;color:#999\" xmlns=\"http:\/\/www.w3.org\/2000\/svg\" class=\"list-377408\" width=\"20px\" height=\"20px\" viewBox=\"0 0 24 24\" fill=\"none\"><path d=\"M6 6H4v2h2V6zm14 0H8v2h12V6zM4 11h2v2H4v-2zm16 0H8v2h12v-2zM4 16h2v2H4v-2zm16 0H8v2h12v-2z\" fill=\"currentColor\"><\/path><\/svg><svg style=\"fill: #999;color:#999\" class=\"arrow-unsorted-368013\" xmlns=\"http:\/\/www.w3.org\/2000\/svg\" width=\"10px\" height=\"10px\" viewBox=\"0 0 24 24\" version=\"1.2\" baseProfile=\"tiny\"><path d=\"M18.2 9.3l-6.2-6.3-6.2 6.3c-.2.2-.3.4-.3.7s.1.5.3.7c.2.2.4.3.7.3h11c.3 0 .5-.1.7-.3.2-.2.3-.5.3-.7s-.1-.5-.3-.7zM5.8 14.7l6.2 6.3 6.2-6.3c.2-.2.3-.5.3-.7s-.1-.5-.3-.7c-.2-.2-.4-.3-.7-.3h-11c-.3 0-.5.1-.7.3-.2.2-.3.5-.3.7s.1.5.3.7z\"\/><\/svg><\/span><\/span><\/span><\/a><\/span><\/div>\n<nav><ul class='ez-toc-list ez-toc-list-level-1 ' ><li class='ez-toc-page-1 ez-toc-heading-level-2'><a class=\"ez-toc-link ez-toc-heading-1\" href=\"https:\/\/www.autotesto.pl\/blog\/swiatla-do-jazdy-dziennej-czy-juz-swiatla-mijania\/#Jakie_swiatla_do_jazdy_dziennej_%E2%80%93_Z_perspektywy_prawnej\" title=\"Jakie \u015bwiat\u0142a do jazdy dziennej? &#8211; Z perspektywy prawnej\">Jakie \u015bwiat\u0142a do jazdy dziennej? &#8211; Z perspektywy prawnej<\/a><\/li><li class='ez-toc-page-1 ez-toc-heading-level-2'><a class=\"ez-toc-link ez-toc-heading-2\" href=\"https:\/\/www.autotesto.pl\/blog\/swiatla-do-jazdy-dziennej-czy-juz-swiatla-mijania\/#Czy_moge_jechac_dzis_na_swiatlach_dziennych\" title=\"Czy mog\u0119 jecha\u0107 dzi\u015b na \u015bwiat\u0142ach dziennych?\">Czy mog\u0119 jecha\u0107 dzi\u015b na \u015bwiat\u0142ach dziennych?<\/a><\/li><li class='ez-toc-page-1 ez-toc-heading-level-2'><a class=\"ez-toc-link ez-toc-heading-3\" href=\"https:\/\/www.autotesto.pl\/blog\/swiatla-do-jazdy-dziennej-czy-juz-swiatla-mijania\/#Jak_dzialaja_swiatla_do_jazdy_dziennej\" title=\"Jak dzia\u0142aj\u0105 \u015bwiat\u0142a do jazdy dziennej?\">Jak dzia\u0142aj\u0105 \u015bwiat\u0142a do jazdy dziennej?<\/a><ul class='ez-toc-list-level-3' ><li class='ez-toc-heading-level-3'><a class=\"ez-toc-link ez-toc-heading-4\" href=\"https:\/\/www.autotesto.pl\/blog\/swiatla-do-jazdy-dziennej-czy-juz-swiatla-mijania\/#Przeczytaj_rowniez\" title=\"Przeczytaj r\u00f3wnie\u017c:\">Przeczytaj r\u00f3wnie\u017c:<\/a><\/li><\/ul><\/li><\/ul><\/nav><\/div>\n\n<p>Wielu polskich kierowc\u00f3w narzeka na to, i\u017c wymaga si\u0119 od nich u\u017cywania \u015bwiate\u0142 mijania nie tylko do jazdy po zmroku, ale r\u00f3wnie\u017c w dzie\u0144. Fakt ten wi\u0105\u017ce si\u0119 zar\u00f3wno z wi\u0119kszym obci\u0105\u017ceniem dla akumulatora, jak i spalaniem, nie m\u00f3wi\u0105c ju\u017c o tym, \u017ce w\u0142a\u015bciciele pojazd\u00f3w zmuszeni s\u0105 do cz\u0119stszej zmiany \u017car\u00f3wek w reflektorach. Rozwi\u0105zaniem tych problem\u00f3w maj\u0105 by\u0107 jednak tzw. \u015bwiat\u0142a do jazdy dziennej, kt\u00f3re staj\u0105 si\u0119 coraz bardziej popularne w naszym kraju. U\u017cytkowanie ich jest oczywi\u015bcie jak najbardziej legalne, gdy\u017c montowane s\u0105 one seryjnie tak\u017ce w nowych modelach aut. Problem jednak w tym, \u017ce kierowcy nierzadko nie wiedz\u0105 dok\u0142adnie, kiedy mog\u0105 z nich korzysta\u0107 oraz jak robi\u0107 to prawid\u0142owo. Nie bez znaczenia jest tak\u017ce fakt, i\u017c na rynku pe\u0142no jest zestaw\u00f3w, kt\u00f3re pod nazw\u0105 \u015bwiate\u0142 dziennych sprzedaj\u0105&#8230; \u015bwiat\u0142a ozdobne, za kt\u00f3rych u\u017cycie mo\u017cna dosta\u0107 mandat, jak za jazd\u0119 bez o\u015bwietlenia, gdy\u017c nie s\u0105 kwalifikowane jako odpowiednie i nie spe\u0142niaj\u0105 wymog\u00f3w polskiego prawa. Jak wi\u0119c unikn\u0105\u0107 dodatkowego stresu i koszt\u00f3w? Co warto wiedzie\u0107 i o czym pami\u0119ta\u0107 rezygnuj\u0105c z jazdy na \u015bwiat\u0142ach mijania na rzecz \u015bwiate\u0142 dziennych?<\/p>\n<h2><span class=\"ez-toc-section\" id=\"Jakie_swiatla_do_jazdy_dziennej_%E2%80%93_Z_perspektywy_prawnej\"><\/span><b>Jakie \u015bwiat\u0142a do jazdy dziennej? &#8211; Z perspektywy prawnej<\/b><span class=\"ez-toc-section-end\"><\/span><\/h2>\n<p>Nieznajomo\u015b\u0107 prawa mo\u017ce w tym wypadku powa\u017cnie zaszkodzi\u0107 portfelowi niejednego kierowcy. Warto zatem rozwia\u0107 swoje w\u0105tpliwo\u015bci nim zdecydujemy si\u0119 na w\u0142\u0105czenie \u015bwiate\u0142 do jazdy dziennej zamiast mijania. Z perspektywy prawa wygl\u0105da to w nast\u0119puj\u0105cy spos\u00f3b:<br \/>&#8211; \u015bwiat\u0142a mijania u\u017cywa si\u0119 przez ca\u0142\u0105 dob\u0119 w warunkach normalnej przejrzysto\u015bci powietrza, natomiast, aby u\u017cywa\u0107 \u015bwiate\u0142 dziennych trzeba pami\u0119ta\u0107 o tym, \u017ce niedozwolone jest korzystanie z nich po zmierzchu, w deszczu, podczas opad\u00f3w \u015bniegu, we mgle i innych warunkach ograniczaj\u0105cych widoczno\u015b\u0107 (art. 51 Kodeksu Drogowego),<br \/>&#8211; \u015bwiat\u0142a mijania i przeciwmgielne mog\u0105 by\u0107 w\u0142\u0105czone r\u00f3wnocze\u015bnie, jednak nie nale\u017cy u\u017cywa\u0107 \u015bwiate\u0142 do jazdy dziennej razem ze \u015bwiat\u0142ami mijania,<br \/>&#8211; aby \u015bwiat\u0142a dzienne mog\u0142y zosta\u0107 dopuszczone do u\u017cytku i zaakceptowane przez policyjn\u0105 kontrol\u0119 drogow\u0105 powinny by\u0107 oznaczone literami RL oraz homologacj\u0105 E, przy kt\u00f3rej wyst\u0119puje r\u00f3wnie\u017c cyfra zamkni\u0119ta w k\u00f3\u0142ku.<\/p>\n<p><a href=\"https:\/\/www.autotesto.pl\/blog\/wp-content\/uploads\/2018\/05\/bmw-924645_1920.jpg\"><img loading=\"lazy\" decoding=\"async\" class=\"aligncenter wp-image-1292 size-full\" src=\"https:\/\/www.autotesto.pl\/blog\/wp-content\/uploads\/2018\/05\/bmw-924645_1920.jpg\" alt=\"\" width=\"1920\" height=\"1080\" srcset=\"https:\/\/www.autotesto.pl\/blog\/wp-content\/uploads\/2018\/05\/bmw-924645_1920.jpg 1920w, https:\/\/www.autotesto.pl\/blog\/wp-content\/uploads\/2018\/05\/bmw-924645_1920-300x169.jpg 300w, https:\/\/www.autotesto.pl\/blog\/wp-content\/uploads\/2018\/05\/bmw-924645_1920-768x432.jpg 768w, https:\/\/www.autotesto.pl\/blog\/wp-content\/uploads\/2018\/05\/bmw-924645_1920-1200x675.jpg 1200w, https:\/\/www.autotesto.pl\/blog\/wp-content\/uploads\/2018\/05\/bmw-924645_1920-837x471.jpg 837w, https:\/\/www.autotesto.pl\/blog\/wp-content\/uploads\/2018\/05\/bmw-924645_1920-667x375.jpg 667w, https:\/\/www.autotesto.pl\/blog\/wp-content\/uploads\/2018\/05\/bmw-924645_1920-272x153.jpg 272w, https:\/\/www.autotesto.pl\/blog\/wp-content\/uploads\/2018\/05\/bmw-924645_1920-750x422.jpg 750w\" sizes=\"auto, (max-width: 1920px) 100vw, 1920px\" \/><\/a><\/p>\n<h2><span class=\"ez-toc-section\" id=\"Czy_moge_jechac_dzis_na_swiatlach_dziennych\"><\/span><b>Czy mog\u0119 jecha\u0107 dzi\u015b na \u015bwiat\u0142ach dziennych?<\/b><span class=\"ez-toc-section-end\"><\/span><\/h2>\n<p>Odpowied\u017a na to pytanie mo\u017ce by\u0107 banalnie prosta, jednak wymaga r\u00f3wnie\u017c obiektywnego podej\u015bcia do oceny warunk\u00f3w panuj\u0105cych na drodze. Je\u015bli zamierzasz u\u017cywa\u0107 ich w czasie od \u015bwitu do zmierzchu, to jest to dobry pomys\u0142. Pami\u0119taj tylko, \u017ce w tym czasie:<br \/>&#8211; warunki na drodze musz\u0105 zapewnia\u0107 dobr\u0105 widoczno\u015b\u0107 (mg\u0142a, opady deszczu, \u015bniegu itp. wykluczaj\u0105 u\u017cycie \u015bwiate\u0142 do jazdy dziennej i wymagaj\u0105 prze\u0142\u0105czenia si\u0119 na \u015bwiat\u0142a mijania),<br \/>&#8211; niezmienienie \u015bwiate\u0142 dziennych na mijania w tunelu mo\u017ce skutkowa\u0107 otrzymaniem mandatu,<br \/>&#8211; tw\u00f3j samoch\u00f3d bez w\u0142\u0105czonych \u015bwiate\u0142 mijania nie b\u0119dzie o\u015bwietlony r\u00f3wnie\u017c z ty\u0142u, a wi\u0119c mo\u017ce zosta\u0107 dostrze\u017cony zbyt p\u00f3\u017ano przez inne pojazdy w warunkach ograniczaj\u0105cych widoczno\u015b\u0107.<b><\/b><\/p>\n<h2><span class=\"ez-toc-section\" id=\"Jak_dzialaja_swiatla_do_jazdy_dziennej\"><\/span><b><br \/>Jak dzia\u0142aj\u0105 \u015bwiat\u0142a do jazdy dziennej?<\/b><span class=\"ez-toc-section-end\"><\/span><\/h2>\n<p>Posiadaj\u0105c nawet pi\u0119\u0107 razy mniejsz\u0105 moc, z ca\u0142\u0105 pewno\u015bci\u0105 \u015bwiat\u0142a dzienne nie mog\u0105 zosta\u0107 uznane za takie, kt\u00f3re o\u015bwietlaj\u0105 drog\u0119 w spos\u00f3b u\u0142atwiaj\u0105cy poruszanie si\u0119 po niej. Stworzono je raczej po to, aby kosztem mniejszego zu\u017cycia energii zachowa\u0107 wi\u0119ksz\u0105 widoczno\u015b\u0107 pojazdu na drodze. Budowa ich odb\u0142y\u015bnika tak\u017ce jest inna i wi\u0105\u017ce si\u0119 z tym fakt, \u017ce u\u017cycie tego typu o\u015bwietlenia po zmroku mo\u017ce powodowa\u0107 efekt chwilowego o\u015blepienia innych kierowc\u00f3w. W nowych samochodach \u015bwiat\u0142a te wbudowane s\u0105 w reflektor g\u0142\u00f3wny. Mo\u017cna jednak zamontowa\u0107 je tak\u017ce w starszych modelach \u2013 oczywi\u015bcie, je\u015bli posiadaj\u0105 oznaczenie RL (ang. running lights) oraz homologacj\u0119 E. Je\u015bli traficie jednak na produkt, kt\u00f3ry posiada barw\u0119 \u015bwiecenia zbli\u017con\u0105 do niebieskiej lub zakupiony zestaw po kilku miesi\u0105cach utraci swoj\u0105 wydajno\u015b\u0107, to zrezygnujcie z zakupu lub u\u017cytkowania. Nowa \u017car\u00f3wka do \u015bwiate\u0142 mijania to niewielki koszt w por\u00f3wnaniu do mandatu za brak o\u015bwietlenia i utrat\u0119 dowodu rejestracyjnego przez tanie i niespe\u0142niaj\u0105ce norm technicznych \u015bwiat\u0142a do jazdy dziennej.<\/p>\n<p><a href=\"https:\/\/www.autotesto.pl\/blog\/wp-content\/uploads\/2014\/08\/1442174_78026052.jpg\"><img loading=\"lazy\" decoding=\"async\" class=\"aligncenter wp-image-232 size-full\" src=\"https:\/\/www.autotesto.pl\/blog\/wp-content\/uploads\/2014\/08\/1442174_78026052.jpg\" alt=\"\" width=\"1570\" height=\"881\" srcset=\"https:\/\/www.autotesto.pl\/blog\/wp-content\/uploads\/2014\/08\/1442174_78026052.jpg 1570w, https:\/\/www.autotesto.pl\/blog\/wp-content\/uploads\/2014\/08\/1442174_78026052-300x168.jpg 300w, https:\/\/www.autotesto.pl\/blog\/wp-content\/uploads\/2014\/08\/1442174_78026052-768x431.jpg 768w, https:\/\/www.autotesto.pl\/blog\/wp-content\/uploads\/2014\/08\/1442174_78026052-1200x673.jpg 1200w, https:\/\/www.autotesto.pl\/blog\/wp-content\/uploads\/2014\/08\/1442174_78026052-837x470.jpg 837w, https:\/\/www.autotesto.pl\/blog\/wp-content\/uploads\/2014\/08\/1442174_78026052-667x374.jpg 667w, https:\/\/www.autotesto.pl\/blog\/wp-content\/uploads\/2014\/08\/1442174_78026052-272x153.jpg 272w, https:\/\/www.autotesto.pl\/blog\/wp-content\/uploads\/2014\/08\/1442174_78026052-750x421.jpg 750w\" sizes=\"auto, (max-width: 1570px) 100vw, 1570px\" \/><\/a><\/p>\n\n\n<h3 class=\"wp-block-heading\"><span class=\"ez-toc-section\" id=\"Przeczytaj_rowniez\"><\/span>Przeczytaj r\u00f3wnie\u017c:<span class=\"ez-toc-section-end\"><\/span><\/h3>\n\n\n\n<p><a href=\"https:\/\/www.autotesto.pl\/blog\/czy-samodzielna-wymiana-zarowek-w-samochodzie-to-dobry-pomysl\/\">Czy samodzielna wymiana \u017car\u00f3wek w samochodzie to dobry pomys\u0142?<\/a><\/p>\n\n<p><a href=\"https:\/\/www.autotesto.pl\/blog\/swiatla-w-samochodzie-jakie-sa-i-kiedy-je-wlaczyc\/\">\u015awiat\u0142a w samochodzie &#8211; jakie s\u0105 i kiedy je w\u0142\u0105czy\u0107?<\/a><\/p>\n\n\n\n<p><\/p>\n","protected":false},"excerpt":{"rendered":"<p><span class=\"span-reading-time rt-reading-time\" style=\"display: block;\"><span class=\"rt-label rt-prefix\">Czas czytania artyku\u0142u:<\/span> <span class=\"rt-time\"> 3<\/span> <span class=\"rt-label rt-postfix\">minut<\/span><\/span>\u00a0 Wielu polskich kierowc\u00f3w narzeka na to, i\u017c wymaga si\u0119 od nich u\u017cywania \u015bwiate\u0142 mijania nie tylko do jazdy po zmroku, ale r\u00f3wnie\u017c w dzie\u0144. Fakt ten wi\u0105\u017ce si\u0119 zar\u00f3wno&#8230;<\/p>\n","protected":false},"author":1,"featured_media":1293,"comment_status":"open","ping_status":"open","sticky":false,"template":"","format":"standard","meta":{"footnotes":""},"categories":[4,6,7],"tags":[],"class_list":["post-1291","post","type-post","status-publish","format-standard","has-post-thumbnail","hentry","category-fakty-mity-stereotypy","category-moto-lifestyle","category-porady-autotesto"],"aioseo_notices":[],"_links":{"self":[{"href":"https:\/\/www.autotesto.pl\/blog\/wp-json\/wp\/v2\/posts\/1291","targetHints":{"allow":["GET"]}}],"collection":[{"href":"https:\/\/www.autotesto.pl\/blog\/wp-json\/wp\/v2\/posts"}],"about":[{"href":"https:\/\/www.autotesto.pl\/blog\/wp-json\/wp\/v2\/types\/post"}],"author":[{"embeddable":true,"href":"https:\/\/www.autotesto.pl\/blog\/wp-json\/wp\/v2\/users\/1"}],"replies":[{"embeddable":true,"href":"https:\/\/www.autotesto.pl\/blog\/wp-json\/wp\/v2\/comments?post=1291"}],"version-history":[{"count":2,"href":"https:\/\/www.autotesto.pl\/blog\/wp-json\/wp\/v2\/posts\/1291\/revisions"}],"predecessor-version":[{"id":3146,"href":"https:\/\/www.autotesto.pl\/blog\/wp-json\/wp\/v2\/posts\/1291\/revisions\/3146"}],"wp:featuredmedia":[{"embeddable":true,"href":"https:\/\/www.autotesto.pl\/blog\/wp-json\/wp\/v2\/media\/1293"}],"wp:attachment":[{"href":"https:\/\/www.autotesto.pl\/blog\/wp-json\/wp\/v2\/media?parent=1291"}],"wp:term":[{"taxonomy":"category","embeddable":true,"href":"https:\/\/www.autotesto.pl\/blog\/wp-json\/wp\/v2\/categories?post=1291"},{"taxonomy":"post_tag","embeddable":true,"href":"https:\/\/www.autotesto.pl\/blog\/wp-json\/wp\/v2\/tags?post=1291"}],"curies":[{"name":"wp","href":"https:\/\/api.w.org\/{rel}","templated":true}]}}