{"id":1319,"date":"2018-06-18T09:56:58","date_gmt":"2018-06-18T07:56:58","guid":{"rendered":"https:\/\/www.autotesto.pl\/blog\/?p=1319"},"modified":"2018-06-18T09:56:58","modified_gmt":"2018-06-18T07:56:58","slug":"utrata-dowodu-rejestracyjnego-a-nieprawidlowy-poziom-emisji-spalin","status":"publish","type":"post","link":"https:\/\/www.autotesto.pl\/blog\/utrata-dowodu-rejestracyjnego-a-nieprawidlowy-poziom-emisji-spalin\/","title":{"rendered":"Utrata dowodu rejestracyjnego a nieprawid\u0142owy poziom emisji spalin"},"content":{"rendered":"<span class=\"span-reading-time rt-reading-time\" style=\"display: block;\"><span class=\"rt-label rt-prefix\">Czas czytania artyku\u0142u:<\/span> <span class=\"rt-time\"> 2<\/span> <span class=\"rt-label rt-postfix\">minut<\/span><\/span><p><a name=\"__DdeLink__1_1572395061\"><\/a><br \/>\nMiasta na ca\u0142ym \u015bwiecie staj\u0105 dzi\u015b przed problemem ci\u0105gle rosn\u0105cej ilo\u015bci spalin w powietrzu. Coraz bardziej popularne w Europie staj\u0105 si\u0119 obecnie tzw. strefy ekologiczne, do kt\u00f3rych wjazd wymaga specjalnej winiety wydawanej na podstawie rocznika pojazdu, rodzaju silnika oraz oczywi\u015bcie poziomu emisji spalin okre\u015blanych poprzez normy Euro. Cho\u0107 w Polsce takie ograniczenia nie wesz\u0142y jeszcze w \u017cycie, to obowi\u0105zuj\u0105ce regulacje prawne ju\u017c jak najbardziej dotycz\u0105 tego problemu. Policjanci zostali wyposa\u017ceni natomiast w urz\u0105dzenia do pomiaru zanieczyszczenia tego, co wydobywa si\u0119 z naszych rur wydechowych (tzw. analizatory). Co jednak, je\u015bli oka\u017ce si\u0119, \u017ce spaliny nie spe\u0142niaj\u0105 odpowiednich wymaga\u0144? C\u00f3\u017c&#8230; w\u0142a\u015bciciel takiego pojazdu musi liczy\u0107 si\u0119 z utrat\u0105 dowodu rejestracyjnego do czasu, gdy nie udowodni, \u017ce usterka powoduj\u0105ca wi\u0119ksze zanieczyszczenie zosta\u0142a usuni\u0119ta, a fakt ten potwierdzony przez uprawnion\u0105 do tego stacj\u0119 diagnostyczn\u0105.<\/p><div id=\"ez-toc-container\" class=\"ez-toc-v2_0_73 counter-hierarchy ez-toc-counter ez-toc-grey ez-toc-container-direction\">\n<div class=\"ez-toc-title-container\">\n<p class=\"ez-toc-title\" style=\"cursor:inherit\">Z tego artyku\u0142u dowiesz si\u0119:<\/p>\n<span class=\"ez-toc-title-toggle\"><a href=\"#\" class=\"ez-toc-pull-right ez-toc-btn ez-toc-btn-xs ez-toc-btn-default ez-toc-toggle\" aria-label=\"Toggle Table of Content\"><span class=\"ez-toc-js-icon-con\"><span class=\"\"><span class=\"eztoc-hide\" style=\"display:none;\">Toggle<\/span><span class=\"ez-toc-icon-toggle-span\"><svg style=\"fill: #999;color:#999\" xmlns=\"http:\/\/www.w3.org\/2000\/svg\" class=\"list-377408\" width=\"20px\" height=\"20px\" viewBox=\"0 0 24 24\" fill=\"none\"><path d=\"M6 6H4v2h2V6zm14 0H8v2h12V6zM4 11h2v2H4v-2zm16 0H8v2h12v-2zM4 16h2v2H4v-2zm16 0H8v2h12v-2z\" fill=\"currentColor\"><\/path><\/svg><svg style=\"fill: #999;color:#999\" class=\"arrow-unsorted-368013\" xmlns=\"http:\/\/www.w3.org\/2000\/svg\" width=\"10px\" height=\"10px\" viewBox=\"0 0 24 24\" version=\"1.2\" baseProfile=\"tiny\"><path d=\"M18.2 9.3l-6.2-6.3-6.2 6.3c-.2.2-.3.4-.3.7s.1.5.3.7c.2.2.4.3.7.3h11c.3 0 .5-.1.7-.3.2-.2.3-.5.3-.7s-.1-.5-.3-.7zM5.8 14.7l6.2 6.3 6.2-6.3c.2-.2.3-.5.3-.7s-.1-.5-.3-.7c-.2-.2-.4-.3-.7-.3h-11c-.3 0-.5.1-.7.3-.2.2-.3.5-.3.7s.1.5.3.7z\"\/><\/svg><\/span><\/span><\/span><\/a><\/span><\/div>\n<nav><ul class='ez-toc-list ez-toc-list-level-1 ' ><li class='ez-toc-page-1 ez-toc-heading-level-2'><a class=\"ez-toc-link ez-toc-heading-1\" href=\"https:\/\/www.autotesto.pl\/blog\/utrata-dowodu-rejestracyjnego-a-nieprawidlowy-poziom-emisji-spalin\/#Przyczyny_wyzszej_emisji_spalin\" title=\"Przyczyny wy\u017cszej emisji spalin\">Przyczyny wy\u017cszej emisji spalin<\/a><\/li><li class='ez-toc-page-1 ez-toc-heading-level-2'><a class=\"ez-toc-link ez-toc-heading-2\" href=\"https:\/\/www.autotesto.pl\/blog\/utrata-dowodu-rejestracyjnego-a-nieprawidlowy-poziom-emisji-spalin\/#Co_jeszcze_mowia_nam_przepisy\" title=\"Co jeszcze m\u00f3wi\u0105 nam przepisy?\">Co jeszcze m\u00f3wi\u0105 nam przepisy?<\/a><\/li><\/ul><\/nav><\/div>\n\n<h2><span class=\"ez-toc-section\" id=\"Przyczyny_wyzszej_emisji_spalin\"><\/span><b>Przyczyny wy\u017cszej emisji spalin<\/b><span class=\"ez-toc-section-end\"><\/span><\/h2>\n<p>Jednym z g\u0142\u00f3wnych powod\u00f3w wysokiego zanieczyszczenia spalin jest oczywi\u015bcie z\u0142y stan techniczny samochodu. Zwlekanie z wymian\u0105 filtr\u00f3w oleju i paliwa, prowizoryczne naprawy, a tak\u017ce nieprofesjonalny tuning silnika mog\u0105 sprawi\u0107, \u017ce policyjny analizator poka\u017ce wynik znacznie wy\u017cszy od dopuszczalnych norm. Nic zatem dziwnego, \u017ce fakt ten interpretuje si\u0119 jako niesprawno\u015b\u0107 samochodu i zatrzymuje dow\u00f3d rejestracyjny a\u017c do wyja\u015bnienia przyczyny i usuni\u0119cia usterki zwi\u0105zanej z tym stanem. Zgodnie z obowi\u0105zuj\u0105cym w Polsce prawem w ruchu drogowym mog\u0105 legalnie uczestniczy\u0107 tylko te pojazdy, kt\u00f3rych wyposa\u017cenie i stan techniczny pozwala na produkcj\u0119 szkodliwych substancji podczas spalania, kt\u00f3re mieszcz\u0105 si\u0119 w granicach dopuszczalnej ilo\u015bci na terenie kraju (bez wzgl\u0119du na to, czy pomiar zosta\u0142 przeprowadzony w terenie zabudowanym, czy poza nim).<\/p>\n<h2><span class=\"ez-toc-section\" id=\"Co_jeszcze_mowia_nam_przepisy\"><\/span><b>Co jeszcze m\u00f3wi\u0105 nam przepisy?<\/b><span class=\"ez-toc-section-end\"><\/span><\/h2>\n<p>Nieznajomo\u015b\u0107 przepis\u00f3w nie zwalnia obywatela z konieczno\u015bci stosowania si\u0119 do nich, dlatego zach\u0119camy do regularnej kontroli stanu technicznego posiadanych oraz kupowanych samochod\u00f3w. Polskie prawo wyra\u017anie m\u00f3wi bowiem, \u017ce:<br \/>\n&#8211; pomiar zadymienia spalin nale\u017cy przeprowadza\u0107 w sytuacji swobodnego przyspieszenia (tzn. na biegu ja\u0142owym) do maksymalnej warto\u015bci obrotowej,<br \/>\n&#8211; pojazd, kt\u00f3rego dow\u00f3d rejestracyjny zosta\u0142 zatrzymany z powodu zbyt wysokiej emisji spalin, nie mo\u017ce by\u0107 dopuszczony do dalszego ruchu, a wi\u0119c powinien zosta\u0107 przetransportowany z miejsca kontroli na lawecie lub odholowany,<br \/>\n&#8211; pomiar przeprowadza si\u0119 urz\u0105dzeniem okre\u015blaj\u0105cym wsp\u00f3\u0142czynnik poch\u0142aniania \u015bwiat\u0142a przez spaliny wydobywaj\u0105ce si\u0119 z rury wydechowej,<br \/>\n&#8211; maksymalna warto\u015b\u0107 pomiaru dla silnik\u00f3w z turbodo\u0142adowaniem to 3,0 m<sup>\u22121<\/sup><br \/>\n&#8211; maksymalna warto\u015b\u0107 pomiaru dla silnik\u00f3w bez turbodo\u0142adowania to 2,5 m<sup>\u22121,<br \/>\n<\/sup>&#8211; maksymalna warto\u015b\u0107 pomiaru dla silnik\u00f3w w autach wyprodukowanych po 30.06.2008 r. to 1,5 m<sup>\u22121<\/sup>.<\/p>\n","protected":false},"excerpt":{"rendered":"<p><span class=\"span-reading-time rt-reading-time\" style=\"display: block;\"><span class=\"rt-label rt-prefix\">Czas czytania artyku\u0142u:<\/span> <span class=\"rt-time\"> 2<\/span> <span class=\"rt-label rt-postfix\">minut<\/span><\/span>Miasta na ca\u0142ym \u015bwiecie staj\u0105 dzi\u015b przed problemem ci\u0105gle rosn\u0105cej ilo\u015bci spalin w powietrzu. Coraz bardziej popularne w Europie staj\u0105 si\u0119 obecnie tzw. strefy ekologiczne, do kt\u00f3rych wjazd wymaga specjalnej&#8230;<\/p>\n","protected":false},"author":3,"featured_media":659,"comment_status":"open","ping_status":"open","sticky":false,"template":"","format":"standard","meta":{"footnotes":""},"categories":[6],"tags":[],"class_list":["post-1319","post","type-post","status-publish","format-standard","has-post-thumbnail","hentry","category-moto-lifestyle"],"aioseo_notices":[],"_links":{"self":[{"href":"https:\/\/www.autotesto.pl\/blog\/wp-json\/wp\/v2\/posts\/1319","targetHints":{"allow":["GET"]}}],"collection":[{"href":"https:\/\/www.autotesto.pl\/blog\/wp-json\/wp\/v2\/posts"}],"about":[{"href":"https:\/\/www.autotesto.pl\/blog\/wp-json\/wp\/v2\/types\/post"}],"author":[{"embeddable":true,"href":"https:\/\/www.autotesto.pl\/blog\/wp-json\/wp\/v2\/users\/3"}],"replies":[{"embeddable":true,"href":"https:\/\/www.autotesto.pl\/blog\/wp-json\/wp\/v2\/comments?post=1319"}],"version-history":[{"count":0,"href":"https:\/\/www.autotesto.pl\/blog\/wp-json\/wp\/v2\/posts\/1319\/revisions"}],"wp:featuredmedia":[{"embeddable":true,"href":"https:\/\/www.autotesto.pl\/blog\/wp-json\/wp\/v2\/media\/659"}],"wp:attachment":[{"href":"https:\/\/www.autotesto.pl\/blog\/wp-json\/wp\/v2\/media?parent=1319"}],"wp:term":[{"taxonomy":"category","embeddable":true,"href":"https:\/\/www.autotesto.pl\/blog\/wp-json\/wp\/v2\/categories?post=1319"},{"taxonomy":"post_tag","embeddable":true,"href":"https:\/\/www.autotesto.pl\/blog\/wp-json\/wp\/v2\/tags?post=1319"}],"curies":[{"name":"wp","href":"https:\/\/api.w.org\/{rel}","templated":true}]}}