{"id":1642,"date":"2019-05-26T15:58:25","date_gmt":"2019-05-26T13:58:25","guid":{"rendered":"https:\/\/www.autotesto.pl\/blog\/?p=1642"},"modified":"2019-05-26T15:58:25","modified_gmt":"2019-05-26T13:58:25","slug":"niemieckie-autostrady-platne-dla-polakow-kiedy-to-nastapi","status":"publish","type":"post","link":"https:\/\/www.autotesto.pl\/blog\/niemieckie-autostrady-platne-dla-polakow-kiedy-to-nastapi\/","title":{"rendered":"Niemieckie autostrady p\u0142atne dla Polak\u00f3w &#8211; kiedy to nast\u0105pi?"},"content":{"rendered":"<span class=\"span-reading-time rt-reading-time\" style=\"display: block;\"><span class=\"rt-label rt-prefix\">Czas czytania artyku\u0142u:<\/span> <span class=\"rt-time\"> 2<\/span> <span class=\"rt-label rt-postfix\">minut<\/span><\/span><p style=\"text-align: justify;\">Ju\u017c od kilku lat Niemcy planowa\u0142y wprowadzenie op\u0142at dla samochod\u00f3w (zarejestrowanych poza krajem), korzystaj\u0105cych z autostrad. Ustawa nie wchodzi\u0142a w \u017cycie g\u0142\u00f3wnie ze wzgl\u0119du na g\u0142o\u015bny sprzeciw ze strony Holandii i Austrii. Jednak\u017ce, parlament niemiecki zatwierdzi\u0142 plan ustawy, z powodu kt\u00f3rego ka\u017cdy kierowca samochodu osobowego spoza Niemiec, od pa\u017adziernika 2020 roku b\u0119dzie zmuszony do zap\u0142aty za korzystanie z autostrad.<\/p>\n<p>&nbsp;<\/p>\n<p style=\"text-align: justify;\">Wielu Polak\u00f3w korzysta z niemieckich autostrad, jako ze sposobu na szybsze przedostanie si\u0119 w g\u0142\u0105b Europy Zachodniej. Teraz jednak, planuj\u0105c podr\u00f3\u017c trzeba b\u0119dzie wzi\u0105\u0107 pod uwag\u0119 op\u0142aty, co z pewno\u015bci\u0105 odstraszy niejednego kierowc\u0119. Wielu Polak\u00f3w korzysta\u0142o z tamtejszych dr\u00f3g r\u00f3wnie\u017c przez to, \u017ce utrzymane s\u0105 w dobrym stanie, s\u0105 darmowe, a tak\u017ce nie obowi\u0105zuje na nich limit dozwolonej pr\u0119dko\u015bci, dlatego cz\u0119sto przejechanie pozornie d\u0142u\u017cszej trasy przez autostrady niemieckie, okazywa\u0142o si\u0119 skr\u00f3ceniem czasu podr\u00f3\u017cy.<\/p>\n<p>&nbsp;<\/p>\n<p style=\"text-align: justify;\">Warto przy tym doda\u0107, \u017ce obywatele Niemiec nie b\u0119d\u0105 musieli p\u0142aci\u0107 za poruszanie si\u0119 po autostradach, co spowodowa\u0142o fal\u0119 oburzenia w okolicznych krajach. Oczywi\u015bcie, Niemcy r\u00f3wnie\u017c b\u0119d\u0105 potrzebowali winiet, jednak b\u0119d\u0105 w stanie odliczy\u0107 ich koszt od p\u0142aconego przez nich podatku drogowego.<\/p>\n<p>&nbsp;<\/p>\n<p style=\"text-align: justify;\">Co wi\u0119cej, Austria postanowi\u0142a nawet zaskar\u017cy\u0107 niemiecki parlament w Trybunale Sprawiedliwo\u015bci UE. Argumentem tamtejszego rz\u0105du jest dyskryminacja obywateli innych kraj\u00f3w. Na oficjalny wynik owego zaskar\u017cenia b\u0119dzie trzeba poczeka\u0107 do po\u0142owy bie\u017c\u0105cego roku. Niezale\u017cnie jednak od wyroku, prawdopodobnie op\u0142aty zostan\u0105 wprowadzone r\u00f3wnie\u017c dla mieszka\u0144c\u00f3w.<\/p>\n<p>&nbsp;<\/p>\n<p style=\"text-align: justify;\">Samochody osobowe cudzoziemc\u00f3w poruszaj\u0105cych si\u0119 po niemieckich autostradach b\u0119d\u0105 musia\u0142y mie\u0107 wykupion\u0105 winiet\u0119. Cena b\u0119dzie si\u0119 waha\u0142a nie tylko ze wzgl\u0119du na okres jej wa\u017cno\u015bci, ale tak\u017ce pojemno\u015b\u0107 silnika, jak i szkodliwo\u015b\u0107 emitowanych przez niego spalin. Op\u0142aty b\u0119d\u0105 pobierane elektronicznie, przez internet. Winiety pojawi\u0105 si\u0119 tak\u017ce w r\u00f3\u017cnych punktach sprzeda\u017cy, na przyk\u0142ad na stacjach benzynowych. Przyklejanie naklejek na szyby nie b\u0119dzie jednak konieczne, poniewa\u017c znajduj\u0105ce si\u0119 na autostradach kamery zajm\u0105 si\u0119 odczytem tablic rejestracyjnych. Sprawia to, \u017ce ka\u017cdy na samoch\u00f3d osobowy bez wykupionej winiety zostanie na\u0142o\u017cona kara finansowa \u2013 jej wysoko\u015b\u0107 nie jest znana.<\/p>\n<p>&nbsp;<\/p>\n<p style=\"text-align: justify;\">Planuj\u0105c podr\u00f3\u017c warto pami\u0119ta\u0107, \u017ce w wielu niemieckich miastach konieczne jest posiadanie plakietki \u015brodowiskowej, kt\u00f3rej brak mo\u017ce si\u0119 wi\u0105za\u0107 z\u00a0 mandatem w wysoko\u015bci 80 \u20ac. Sama naklejka kosztuje 12,50 \u20ac.<\/p>\n<p>&nbsp;<\/p>\n<p style=\"text-align: justify;\">Szacuje si\u0119, \u017ce cudzoziemcy rocznie zap\u0142ac\u0105 za winiety 700 mln \u20ac, natomiast koszty stworzenia i utrzymania systemu b\u0119d\u0105 wynosi\u0142y oko\u0142o 200 mln \u20ac, przez co zysk dla rz\u0105du niemieckiego b\u0119dzie oscylowa\u0142 w okolicach po\u0142owy miliarda euro rocznie. Pieni\u0105dze te maj\u0105 by\u0107 docelowo zainwestowane w modernizacj\u0119 niemieckiej infrastruktury, natomiast wielu krytyk\u00f3w uwa\u017ca, \u017ce koszty dodatkowej kontroli systemu pokryj\u0105 si\u0119 z dochodem, przez co winiety nie b\u0119d\u0105 op\u0142acalnym ruchem pod wzgl\u0119dem ekonomii.<\/p>\n<p>&nbsp;<\/p>\n<p style=\"text-align: justify;\">Niemiecki rz\u0105d ju\u017c od dawna chce wdro\u017cy\u0107 op\u0142aty za korzystanie z autostrad. W 2015 roku parlament niemiecki nawet zatwierdzi\u0142 wprowadzenie p\u0142acenie myta przez kierowc\u00f3w samochod\u00f3w osobowych, jednak \u00f3w wdro\u017cenie nie zosta\u0142o zaakceptowane przez Bruksel\u0119.<\/p>\n<p>&nbsp;<\/p>\n<p style=\"text-align: justify;\">Stan niemieckich dr\u00f3g jest coraz gorszy, a czasami nawet (co kilka, kilkana\u015bcie lat temu mog\u0142oby wydawa\u0107 si\u0119 nierealne) sytuacja wygl\u0105da gorzej, ni\u017c na nowych drogach w naszym kraju. Szacuje si\u0119, \u017ce koszt modernizacji niemieckiej infrastruktury mo\u017ce wynie\u015b\u0107 nawet 7,5 mld \u20ac, a wi\u0119c zap\u0142ata za przejazd autostradami b\u0119dzie konieczna.<\/p>\n","protected":false},"excerpt":{"rendered":"<p><span class=\"span-reading-time rt-reading-time\" style=\"display: block;\"><span class=\"rt-label rt-prefix\">Czas czytania artyku\u0142u:<\/span> <span class=\"rt-time\"> 2<\/span> <span class=\"rt-label rt-postfix\">minut<\/span><\/span>Ju\u017c od kilku lat Niemcy planowa\u0142y wprowadzenie op\u0142at dla samochod\u00f3w (zarejestrowanych poza krajem), korzystaj\u0105cych z autostrad. Ustawa nie wchodzi\u0142a w \u017cycie g\u0142\u00f3wnie ze wzgl\u0119du na g\u0142o\u015bny sprzeciw ze strony Holandii&#8230;<\/p>\n","protected":false},"author":2,"featured_media":1645,"comment_status":"open","ping_status":"open","sticky":false,"template":"","format":"standard","meta":{"footnotes":""},"categories":[4,6],"tags":[],"class_list":["post-1642","post","type-post","status-publish","format-standard","has-post-thumbnail","hentry","category-fakty-mity-stereotypy","category-moto-lifestyle"],"aioseo_notices":[],"_links":{"self":[{"href":"https:\/\/www.autotesto.pl\/blog\/wp-json\/wp\/v2\/posts\/1642","targetHints":{"allow":["GET"]}}],"collection":[{"href":"https:\/\/www.autotesto.pl\/blog\/wp-json\/wp\/v2\/posts"}],"about":[{"href":"https:\/\/www.autotesto.pl\/blog\/wp-json\/wp\/v2\/types\/post"}],"author":[{"embeddable":true,"href":"https:\/\/www.autotesto.pl\/blog\/wp-json\/wp\/v2\/users\/2"}],"replies":[{"embeddable":true,"href":"https:\/\/www.autotesto.pl\/blog\/wp-json\/wp\/v2\/comments?post=1642"}],"version-history":[{"count":0,"href":"https:\/\/www.autotesto.pl\/blog\/wp-json\/wp\/v2\/posts\/1642\/revisions"}],"wp:featuredmedia":[{"embeddable":true,"href":"https:\/\/www.autotesto.pl\/blog\/wp-json\/wp\/v2\/media\/1645"}],"wp:attachment":[{"href":"https:\/\/www.autotesto.pl\/blog\/wp-json\/wp\/v2\/media?parent=1642"}],"wp:term":[{"taxonomy":"category","embeddable":true,"href":"https:\/\/www.autotesto.pl\/blog\/wp-json\/wp\/v2\/categories?post=1642"},{"taxonomy":"post_tag","embeddable":true,"href":"https:\/\/www.autotesto.pl\/blog\/wp-json\/wp\/v2\/tags?post=1642"}],"curies":[{"name":"wp","href":"https:\/\/api.w.org\/{rel}","templated":true}]}}