{"id":2146,"date":"2020-04-01T08:27:36","date_gmt":"2020-04-01T06:27:36","guid":{"rendered":"https:\/\/www.autotesto.pl\/blog\/?p=2146"},"modified":"2020-04-01T09:39:43","modified_gmt":"2020-04-01T07:39:43","slug":"koniec-z-karaniem-za-cofanie-przebiegu","status":"publish","type":"post","link":"https:\/\/www.autotesto.pl\/blog\/koniec-z-karaniem-za-cofanie-przebiegu\/","title":{"rendered":"Koniec z karaniem za cofanie przebiegu!?"},"content":{"rendered":"<span class=\"span-reading-time rt-reading-time\" style=\"display: block;\"><span class=\"rt-label rt-prefix\">Czas czytania artyku\u0142u:<\/span> <span class=\"rt-time\"> 2<\/span> <span class=\"rt-label rt-postfix\">minut<\/span><\/span>\n<p>Min\u0105\u0142 rok od uchwalenia przez polski Sejm nowelizacji przepis\u00f3w, kt\u00f3re mia\u0142y za zadanie ukr\u00f3ci\u0107 proceder \u201ckr\u0119cenia\u201d licznik\u00f3w, g\u0142\u00f3wnie samochod\u00f3w sprowadzanych z Niemiec i innych kraj\u00f3w zachodniej Europy.&nbsp;&nbsp;<\/p>\n\n\n\n<p>Dok\u0142adnie chodzi o nowelizacj\u0119 Prawa o ruchu drogowym oraz Kodeksu karnego uchwalon\u0105 15 marca 2019 r.&nbsp;<br><\/p>\n\n\n\n<p>Celem wprowadzenia nowelizacji by\u0142o zlikwidowanie zjawiska korekty wskaza\u0144 drogomierza. &#8220;Jednocze\u015bnie nowelizacja ma za zadanie zlikwidowa\u0107 proceder polegaj\u0105cy na oferowaniu us\u0142ug zani\u017cania wskaza\u0144 drogomierza w poje\u017adzie mechanicznym, kt\u00f3ry to proceder obecnie jest bezkarny, a w wi\u0119kszo\u015bci przypadk\u00f3w poprzedza zabiegi os\u00f3b, chc\u0105cych w oszuka\u0144czy spos\u00f3b sprzeda\u0107 pojazd&#8221; &#8211; tak wprowadzane zmiany komentowa\u0142 resort sprawiedliwo\u015bci.&nbsp;<br><\/p>\n\n\n\n<p>Razem ze zmianami w Prawie o ruchu drogowym wesz\u0142y zmiany w Kodeksie karnym gdzie m.in. za niepoinformowanie stacji kontroli pojazd\u00f3w o wymianie licznika w poje\u017adzie grozi grzywna do 3 tys. z\u0142.&nbsp;<br><\/p>\n\n\n\n<p>Przypomnijmy, \u017ce obecnie stacje kontroli pojazd\u00f3w maj\u0105 obowi\u0105zek gromadzi\u0107 informacj\u0119 o przebiegu, a ka\u017cdy z obywateli ma dost\u0119p do rz\u0105dowej strony, gdzie przed zakupem pojazdu mo\u017ce sobie sprawdzi\u0107 przebieg. <br><\/p>\n\n\n\n\n\n<h2 class=\"wp-block-heading\"><strong>Min\u0105\u0142 rok od zmiany przepis\u00f3w &#8211; nie wszystkim si\u0119 podobaj\u0105<\/strong><br><\/h2>\n\n\n\n<p>Jak podaje Motozeitung Magazine Komisja Parlamentu Europejskiego ds. Handlu Mi\u0119dzynarodowego negatywnie oceni\u0142a wprowadzenie nowelizacji przygotowanej przez Polskie Ministerstwo Sprawiedliwo\u015bci. Wg niemieckich i francuskich eurodeputowanych zmiany w Polsce \u017ale wp\u0142yn\u0119\u0142y na handel samochodami u\u017cywanymi. Wed\u0142ug raportu komisji zmiana w polskim prawie uderza nie tylko w handel samochodami we wsp\u00f3lnocie europejskiej, ale r\u00f3wnie\u017c w \u015brodowisko!&nbsp;<br><\/p>\n\n\n\n\n\n<p>Francja i Niemcy w ostatnim roku odnotowa\u0142y znacz\u0105cy wzrost z\u0142omowanych pojazd\u00f3w na swoim terytorium &#8211; co oznacza wi\u0119ksze koszty, gdy\u017c za z\u0142omowanie i utylizacj\u0119 pojazdu p\u0142aci Pa\u0144stwo! Jako drugi argument wysuwana jest \u015brednia wieku pojazdu, kt\u00f3ra zwi\u0119kszy\u0142a si\u0119 w obu krajach. Na razie nie jest to du\u017ca zmiana. Jednak patrz\u0105c w perspektywie 10 lat mo\u017ce si\u0119 okaza\u0107, \u017ce problem jest zdecydowanie wi\u0119kszy. Nasi zachodni s\u0105siedzi b\u0119d\u0105 je\u017adzi\u0107 coraz starszymi samochodami co wg komisji \u017ale wp\u0142ynie na \u015brodowisko, a dok\u0142adnie na emisje CO2.&nbsp;<\/p>\n\n\n\n\n\n<p>&#8220;Polska stanowi\u0105c takie prawo, po raz kolejny pokaza\u0142a, \u017ce nie interesuje jej dobro wsp\u00f3lnoty. Dobrze dotychczas dzia\u0142aj\u0105cy rynek samochod\u00f3w u\u017cywanych zosta\u0142 na si\u0142\u0119 zmieniony, a to ma wp\u0142yw na inne ga\u0142\u0119zie gospodarki czy \u015brodowisko&#8221; &#8211; powiedzia\u0142 niemiecki eurodeputowany Kerim Usenzi\u00df z Partii Zielonych. <\/p>\n\n\n\n<p> <\/p>\n\n\n\n<p>Komisja ds. Handlu Mi\u0119dzynarodowego przeka\u017ce swoje uwagi do Komisji Europejskiej, aby ta nakaza\u0142a Polsce zmian\u0119 wprowadzonego prawa.<\/p>\n\n\n\n<p><br><\/p>\n","protected":false},"excerpt":{"rendered":"<p><span class=\"span-reading-time rt-reading-time\" style=\"display: block;\"><span class=\"rt-label rt-prefix\">Czas czytania artyku\u0142u:<\/span> <span class=\"rt-time\"> 2<\/span> <span class=\"rt-label rt-postfix\">minut<\/span><\/span>Komisja Parlamentu Europejskiego ds. Handlu Mi\u0119dzynarodowego negatywnie oceni\u0142a wprowadzenie nowelizacji przygotowanej przez Polskie Ministerstwo Sprawiedliwo\u015bci. Wg niemieckich i francuskich eurodeputowanych zmiany w Polsce \u017ale wp\u0142yn\u0119\u0142y na handel samochodami u\u017cywanymi. Wed\u0142ug raportu komisji zmiana w polskim prawie uderza nie tylko w handel samochodami we wsp\u00f3lnocie europejskiej, ale r\u00f3wnie\u017c w \u015brodowisko! <\/p>\n","protected":false},"author":5,"featured_media":394,"comment_status":"open","ping_status":"open","sticky":false,"template":"","format":"standard","meta":{"footnotes":""},"categories":[4],"tags":[],"class_list":["post-2146","post","type-post","status-publish","format-standard","has-post-thumbnail","hentry","category-fakty-mity-stereotypy"],"aioseo_notices":[],"_links":{"self":[{"href":"https:\/\/www.autotesto.pl\/blog\/wp-json\/wp\/v2\/posts\/2146","targetHints":{"allow":["GET"]}}],"collection":[{"href":"https:\/\/www.autotesto.pl\/blog\/wp-json\/wp\/v2\/posts"}],"about":[{"href":"https:\/\/www.autotesto.pl\/blog\/wp-json\/wp\/v2\/types\/post"}],"author":[{"embeddable":true,"href":"https:\/\/www.autotesto.pl\/blog\/wp-json\/wp\/v2\/users\/5"}],"replies":[{"embeddable":true,"href":"https:\/\/www.autotesto.pl\/blog\/wp-json\/wp\/v2\/comments?post=2146"}],"version-history":[{"count":8,"href":"https:\/\/www.autotesto.pl\/blog\/wp-json\/wp\/v2\/posts\/2146\/revisions"}],"predecessor-version":[{"id":2156,"href":"https:\/\/www.autotesto.pl\/blog\/wp-json\/wp\/v2\/posts\/2146\/revisions\/2156"}],"wp:featuredmedia":[{"embeddable":true,"href":"https:\/\/www.autotesto.pl\/blog\/wp-json\/wp\/v2\/media\/394"}],"wp:attachment":[{"href":"https:\/\/www.autotesto.pl\/blog\/wp-json\/wp\/v2\/media?parent=2146"}],"wp:term":[{"taxonomy":"category","embeddable":true,"href":"https:\/\/www.autotesto.pl\/blog\/wp-json\/wp\/v2\/categories?post=2146"},{"taxonomy":"post_tag","embeddable":true,"href":"https:\/\/www.autotesto.pl\/blog\/wp-json\/wp\/v2\/tags?post=2146"}],"curies":[{"name":"wp","href":"https:\/\/api.w.org\/{rel}","templated":true}]}}