{"id":2241,"date":"2020-07-27T09:17:27","date_gmt":"2020-07-27T07:17:27","guid":{"rendered":"https:\/\/www.autotesto.pl\/blog\/?p=2241"},"modified":"2023-11-17T10:07:52","modified_gmt":"2023-11-17T09:07:52","slug":"opel-adam-opinie-spalanie-usterki","status":"publish","type":"post","link":"https:\/\/www.autotesto.pl\/blog\/opel-adam-opinie-spalanie-usterki\/","title":{"rendered":"Opel Adam &#8211; opinie, spalanie, usterki"},"content":{"rendered":"<span class=\"span-reading-time rt-reading-time\" style=\"display: block;\"><span class=\"rt-label rt-prefix\">Czas czytania artyku\u0142u:<\/span> <span class=\"rt-time\"> 2<\/span> <span class=\"rt-label rt-postfix\">minut<\/span><\/span><p class=\"Textbody\" style=\"padding-bottom: 20px; text-align: justify;\"><strong>Poszukuj\u0105c samochodu do jazdy miejskiej, zazwyczaj celuje si\u0119 w pojazdy niedu\u017ce, kt\u00f3rymi zaparkowanie nie b\u0119dzie stanowi\u0142o wi\u0119kszego problemu, a komfort jazdy umili poruszanie si\u0119 po drogach w codziennych sprawach, takich jak doje\u017cd\u017canie do pracy czy robienie zakup\u00f3w. Spo\u015br\u00f3d licznych pojazd\u00f3w na rynku wt\u00f3rnym, wartym zainteresowania jest <a href=\"https:\/\/www.autotesto.pl\/blog\/najczestsze-usterki-w-samochodzie-opel-astra-j\/\">Opel<\/a> Adam. Najcz\u0119\u015bciej wyst\u0119puj\u0105ce usterki, opinie u\u017cytkownik\u00f3w i inne informacje znajdziesz w niniejszym tek\u015bcie.<\/strong><\/p><div id=\"ez-toc-container\" class=\"ez-toc-v2_0_73 counter-hierarchy ez-toc-counter ez-toc-grey ez-toc-container-direction\">\n<div class=\"ez-toc-title-container\">\n<p class=\"ez-toc-title\" style=\"cursor:inherit\">Z tego artyku\u0142u dowiesz si\u0119:<\/p>\n<span class=\"ez-toc-title-toggle\"><a href=\"#\" class=\"ez-toc-pull-right ez-toc-btn ez-toc-btn-xs ez-toc-btn-default ez-toc-toggle\" aria-label=\"Toggle Table of Content\"><span class=\"ez-toc-js-icon-con\"><span class=\"\"><span class=\"eztoc-hide\" style=\"display:none;\">Toggle<\/span><span class=\"ez-toc-icon-toggle-span\"><svg style=\"fill: #999;color:#999\" xmlns=\"http:\/\/www.w3.org\/2000\/svg\" class=\"list-377408\" width=\"20px\" height=\"20px\" viewBox=\"0 0 24 24\" fill=\"none\"><path d=\"M6 6H4v2h2V6zm14 0H8v2h12V6zM4 11h2v2H4v-2zm16 0H8v2h12v-2zM4 16h2v2H4v-2zm16 0H8v2h12v-2z\" fill=\"currentColor\"><\/path><\/svg><svg style=\"fill: #999;color:#999\" class=\"arrow-unsorted-368013\" xmlns=\"http:\/\/www.w3.org\/2000\/svg\" width=\"10px\" height=\"10px\" viewBox=\"0 0 24 24\" version=\"1.2\" baseProfile=\"tiny\"><path d=\"M18.2 9.3l-6.2-6.3-6.2 6.3c-.2.2-.3.4-.3.7s.1.5.3.7c.2.2.4.3.7.3h11c.3 0 .5-.1.7-.3.2-.2.3-.5.3-.7s-.1-.5-.3-.7zM5.8 14.7l6.2 6.3 6.2-6.3c.2-.2.3-.5.3-.7s-.1-.5-.3-.7c-.2-.2-.4-.3-.7-.3h-11c-.3 0-.5.1-.7.3-.2.2-.3.5-.3.7s.1.5.3.7z\"\/><\/svg><\/span><\/span><\/span><\/a><\/span><\/div>\n<nav><ul class='ez-toc-list ez-toc-list-level-1 ' ><li class='ez-toc-page-1 ez-toc-heading-level-2'><a class=\"ez-toc-link ez-toc-heading-1\" href=\"https:\/\/www.autotesto.pl\/blog\/opel-adam-opinie-spalanie-usterki\/#Opel_Adam_%E2%80%93_wnetrze\" title=\"Opel Adam \u2013 wn\u0119trze\">Opel Adam \u2013 wn\u0119trze<\/a><\/li><li class='ez-toc-page-1 ez-toc-heading-level-2'><a class=\"ez-toc-link ez-toc-heading-2\" href=\"https:\/\/www.autotesto.pl\/blog\/opel-adam-opinie-spalanie-usterki\/#Opel_Adam_%E2%80%93_spalanie_osiagi_silniki\" title=\"Opel Adam \u2013 spalanie, osi\u0105gi, silniki\">Opel Adam \u2013 spalanie, osi\u0105gi, silniki<\/a><\/li><li class='ez-toc-page-1 ez-toc-heading-level-2'><a class=\"ez-toc-link ez-toc-heading-3\" href=\"https:\/\/www.autotesto.pl\/blog\/opel-adam-opinie-spalanie-usterki\/#Opel_Adam_Rocks\" title=\"Opel Adam Rocks\">Opel Adam Rocks<\/a><\/li><li class='ez-toc-page-1 ez-toc-heading-level-2'><a class=\"ez-toc-link ez-toc-heading-4\" href=\"https:\/\/www.autotesto.pl\/blog\/opel-adam-opinie-spalanie-usterki\/#Zachowaj_uwage_kupujac_auto_uzywane\" title=\"Zachowaj uwag\u0119 kupuj\u0105c auto u\u017cywane\">Zachowaj uwag\u0119 kupuj\u0105c auto u\u017cywane<\/a><\/li><\/ul><\/nav><\/div>\n\n<p class=\"Textbody\" style=\"padding-bottom: 20px; text-align: justify;\">Opel Adam zosta\u0142 pokazany \u015bwiatu na targach w 2012 roku, a w 2013 by\u0142 ju\u017c w standardowej produkcji. Zosta\u0142 wykonany na p\u0142ycie pomniejszonego Opla Corsa. Ma zaledwie 1,72 metra szeroko\u015bci, a tak\u017ce 3,7 m d\u0142ugo\u015bci. Jego nazwa nawi\u0105zuje do za\u0142o\u017cyciela marki \u2013 Adama Opla. Samoch\u00f3d wyr\u00f3\u017cnia przede wszystkim ciekawy wygl\u0105d nadwozia. Jego dach jest w innym kolorze, co pozwala\u0142o na ciekaw\u0105 personalizacj\u0119. W okolicach klamek znajduje si\u0119 charakterystyczne przet\u0142oczenie, a os\u0142on\u0119 ch\u0142odnicy zdobi listwa z logo marki.<\/p>\n<h2 style=\"text-align: justify;\"><span class=\"ez-toc-section\" id=\"Opel_Adam_%E2%80%93_wnetrze\"><\/span>Opel Adam \u2013 wn\u0119trze<span class=\"ez-toc-section-end\"><\/span><\/h2>\n<p class=\"Textbody\" style=\"padding-bottom: 20px; text-align: justify;\">Samoch\u00f3d produkowany by\u0142 jako pojazd trzydrzwiowy, jednak pozwala w przyzwoitym komforcie przewie\u017a\u0107 cztery osoby. Pod k\u0105tem wygl\u0105du auto oferowa\u0142o wi\u0119cej ni\u017c konkurencja. Co go wyr\u00f3\u017cnia? Opinie u\u017cytkownik\u00f3w docenia\u0142y mo\u017cliwo\u015b\u0107 personalizacji wn\u0119trza pod k\u0105tem wielu paneli dekoracyjnych, kolor\u00f3w do wyboru. Samoch\u00f3d m\u00f3g\u0142 posiada\u0107 podsufitk\u0119 z nadrukiem chmur, jesiennych li\u015bci, szachownicy, cho\u0107 najciekawszym rozwi\u0105zaniem by\u0142 egzemplarz z gwie\u017adzistym niebem, pod\u015bwietlanym 64 diodami LED.<\/p>\n<h2 style=\"text-align: justify;\"><span class=\"ez-toc-section\" id=\"Opel_Adam_%E2%80%93_spalanie_osiagi_silniki\"><\/span>Opel Adam \u2013 spalanie, osi\u0105gi, silniki<span class=\"ez-toc-section-end\"><\/span><\/h2>\n<p class=\"Textbody\" style=\"padding-bottom: 20px; text-align: justify;\">Samoch\u00f3d wyst\u0119puje w 7 wersjach silnikowych: 1.0 EDIT (90 i 115 KM), 1.2 ecoFLEX (70 KM), 1.4 ecoFLEX (87 i 100 KM), 1.4 ecoFLEX LPG (87 KM) oraz 1.4 turbo ecoFLEX (150 KM). Spalanie w przypadku najmocniejszego motoru wynosi 5,9 l\/100 km. W przypadku najs\u0142abszego silnika jest to zaledwie 4,2 l\/100 km. Jak wida\u0107, jest to samoch\u00f3d wyj\u0105tkowo oszcz\u0119dny, dlatego cieszy si\u0119 wysok\u0105 popularno\u015bci\u0105 na rynku wt\u00f3rnym. Kt\u00f3ry wariant modelu Adam warto wybra\u0107? Usterki raczej nie dotykaj\u0105 \u017cadnej z powy\u017cszych wersji, a osi\u0105gi w kontek\u015bcie jazdy miejskiej s\u0105 przyzwoite.<\/p>\n<p class=\"Textbody\" style=\"padding-bottom: 20px; text-align: justify;\">Wspomniany <a href=\"https:\/\/www.autotesto.pl\/blog\/wypalone-zawory-silnikowe-i-wypalone-gniazda-zaworowe\/\">silnik<\/a> 1.0 EDIT 115 KM jest szczeg\u00f3lnie interesuj\u0105cy, poniewa\u017c cechuje si\u0119 bardzo ma\u0142ym spalaniem (4,9 l\/100 km), a przy tym oferuje przyspieszenie do 100 km\/h w nieca\u0142e 10 s! Jego pr\u0119dko\u015b\u0107 maksymalna to 196 km\/h.<\/p>\n<h2 style=\"text-align: justify;\"><span class=\"ez-toc-section\" id=\"Opel_Adam_Rocks\"><\/span>Opel Adam Rocks<span class=\"ez-toc-section-end\"><\/span><\/h2>\n<p class=\"Textbody\" style=\"padding-bottom: 20px; text-align: justify;\">Nie da si\u0119 zapomnie\u0107 o wersji o podwy\u017cszonym zawieszeniu i wygl\u0105dzie przypominaj\u0105cym nieco SUV-a, czyli Adam Rocks. Zmodyfikowano tak\u017ce spr\u0119\u017cyny i amortyzatory. Jest to auto odrobin\u0119 wi\u0119ksze, cho\u0107 nadal kompaktowe. Co wa\u017cne, cena tej wersji nie jest o wiele wy\u017csza od zwyk\u0142ego modelu Adam.<\/p>\n<h2 style=\"text-align: justify;\"><span class=\"ez-toc-section\" id=\"Zachowaj_uwage_kupujac_auto_uzywane\"><\/span>Zachowaj uwag\u0119 kupuj\u0105c auto u\u017cywane<span class=\"ez-toc-section-end\"><\/span><\/h2>\n<p class=\"Textbody\" style=\"padding-bottom: 20px; text-align: justify;\">Kupuj\u0105c pojazd na rynku wt\u00f3rnym, nale\u017cy uwa\u017ca\u0107, by nie naby\u0107 przypadkiem modelu wadliwego. By mie\u0107 stuprocentow\u0105 pewno\u015b\u0107, nale\u017cy przeprowadzi\u0107 rzetelne ogl\u0119dziny samochodu, kt\u00f3rych samodzielne wykonywanie nie jest potrzebne \u2013 wystarczy <a href=\"https:\/\/www.autotesto.pl\/cennik\/\">zleci\u0107 to fachowcom Autotesto<\/a>, kt\u00f3rzy dzia\u0142aj\u0105 na terenie ca\u0142ej Polski.<\/p>\n","protected":false},"excerpt":{"rendered":"<p><span class=\"span-reading-time rt-reading-time\" style=\"display: block;\"><span class=\"rt-label rt-prefix\">Czas czytania artyku\u0142u:<\/span> <span class=\"rt-time\"> 2<\/span> <span class=\"rt-label rt-postfix\">minut<\/span><\/span>Poszukuj\u0105c samochodu do jazdy miejskiej, zazwyczaj celuje si\u0119 w pojazdy niedu\u017ce, kt\u00f3rymi zaparkowanie nie b\u0119dzie stanowi\u0142o wi\u0119kszego problemu, a komfort jazdy umili poruszanie si\u0119 po drogach w codziennych sprawach, takich&#8230;<\/p>\n","protected":false},"author":1,"featured_media":2244,"comment_status":"open","ping_status":"closed","sticky":false,"template":"","format":"standard","meta":{"footnotes":""},"categories":[115],"tags":[],"class_list":["post-2241","post","type-post","status-publish","format-standard","has-post-thumbnail","hentry","category-opinie-auta"],"aioseo_notices":[],"_links":{"self":[{"href":"https:\/\/www.autotesto.pl\/blog\/wp-json\/wp\/v2\/posts\/2241","targetHints":{"allow":["GET"]}}],"collection":[{"href":"https:\/\/www.autotesto.pl\/blog\/wp-json\/wp\/v2\/posts"}],"about":[{"href":"https:\/\/www.autotesto.pl\/blog\/wp-json\/wp\/v2\/types\/post"}],"author":[{"embeddable":true,"href":"https:\/\/www.autotesto.pl\/blog\/wp-json\/wp\/v2\/users\/1"}],"replies":[{"embeddable":true,"href":"https:\/\/www.autotesto.pl\/blog\/wp-json\/wp\/v2\/comments?post=2241"}],"version-history":[{"count":3,"href":"https:\/\/www.autotesto.pl\/blog\/wp-json\/wp\/v2\/posts\/2241\/revisions"}],"predecessor-version":[{"id":3158,"href":"https:\/\/www.autotesto.pl\/blog\/wp-json\/wp\/v2\/posts\/2241\/revisions\/3158"}],"wp:featuredmedia":[{"embeddable":true,"href":"https:\/\/www.autotesto.pl\/blog\/wp-json\/wp\/v2\/media\/2244"}],"wp:attachment":[{"href":"https:\/\/www.autotesto.pl\/blog\/wp-json\/wp\/v2\/media?parent=2241"}],"wp:term":[{"taxonomy":"category","embeddable":true,"href":"https:\/\/www.autotesto.pl\/blog\/wp-json\/wp\/v2\/categories?post=2241"},{"taxonomy":"post_tag","embeddable":true,"href":"https:\/\/www.autotesto.pl\/blog\/wp-json\/wp\/v2\/tags?post=2241"}],"curies":[{"name":"wp","href":"https:\/\/api.w.org\/{rel}","templated":true}]}}