{"id":2363,"date":"2021-01-11T09:40:23","date_gmt":"2021-01-11T08:40:23","guid":{"rendered":"https:\/\/www.autotesto.pl\/blog\/?p=2363"},"modified":"2021-01-11T09:48:05","modified_gmt":"2021-01-11T08:48:05","slug":"zmiany-w-przepisach-drogowych-od-2021","status":"publish","type":"post","link":"https:\/\/www.autotesto.pl\/blog\/zmiany-w-przepisach-drogowych-od-2021\/","title":{"rendered":"Zmiany w przepisach drogowych od 2021 r. &#8211; sprawd\u017a nowe przepisy drogowe"},"content":{"rendered":"<span class=\"span-reading-time rt-reading-time\" style=\"display: block;\"><span class=\"rt-label rt-prefix\">Czas czytania artyku\u0142u:<\/span> <span class=\"rt-time\"> 2<\/span> <span class=\"rt-label rt-postfix\">minut<\/span><\/span><p class=\"Textbody\" style=\"padding-bottom: 20px; text-align: justify;\"><strong>Co nas czeka po nowym roku (2021) na polskich drogach? Zmiany dotycz\u0105 zar\u00f3wno kierowc\u00f3w, jak i pieszych &#8211; warto wi\u0119c, by ka\u017cdy si\u0119 z nimi zapozna\u0142, aby unikn\u0105\u0107 niemi\u0142ych niespodzianek.<\/strong><\/p><div id=\"ez-toc-container\" class=\"ez-toc-v2_0_73 counter-hierarchy ez-toc-counter ez-toc-grey ez-toc-container-direction\">\n<div class=\"ez-toc-title-container\">\n<p class=\"ez-toc-title\" style=\"cursor:inherit\">Z tego artyku\u0142u dowiesz si\u0119:<\/p>\n<span class=\"ez-toc-title-toggle\"><a href=\"#\" class=\"ez-toc-pull-right ez-toc-btn ez-toc-btn-xs ez-toc-btn-default ez-toc-toggle\" aria-label=\"Toggle Table of Content\"><span class=\"ez-toc-js-icon-con\"><span class=\"\"><span class=\"eztoc-hide\" style=\"display:none;\">Toggle<\/span><span class=\"ez-toc-icon-toggle-span\"><svg style=\"fill: #999;color:#999\" xmlns=\"http:\/\/www.w3.org\/2000\/svg\" class=\"list-377408\" width=\"20px\" height=\"20px\" viewBox=\"0 0 24 24\" fill=\"none\"><path d=\"M6 6H4v2h2V6zm14 0H8v2h12V6zM4 11h2v2H4v-2zm16 0H8v2h12v-2zM4 16h2v2H4v-2zm16 0H8v2h12v-2z\" fill=\"currentColor\"><\/path><\/svg><svg style=\"fill: #999;color:#999\" class=\"arrow-unsorted-368013\" xmlns=\"http:\/\/www.w3.org\/2000\/svg\" width=\"10px\" height=\"10px\" viewBox=\"0 0 24 24\" version=\"1.2\" baseProfile=\"tiny\"><path d=\"M18.2 9.3l-6.2-6.3-6.2 6.3c-.2.2-.3.4-.3.7s.1.5.3.7c.2.2.4.3.7.3h11c.3 0 .5-.1.7-.3.2-.2.3-.5.3-.7s-.1-.5-.3-.7zM5.8 14.7l6.2 6.3 6.2-6.3c.2-.2.3-.5.3-.7s-.1-.5-.3-.7c-.2-.2-.4-.3-.7-.3h-11c-.3 0-.5.1-.7.3-.2.2-.3.5-.3.7s.1.5.3.7z\"\/><\/svg><\/span><\/span><\/span><\/a><\/span><\/div>\n<nav><ul class='ez-toc-list ez-toc-list-level-1 ' ><li class='ez-toc-page-1 ez-toc-heading-level-2'><a class=\"ez-toc-link ez-toc-heading-1\" href=\"https:\/\/www.autotesto.pl\/blog\/zmiany-w-przepisach-drogowych-od-2021\/#50_w_dzien_i_w_nocy\" title=\"50 w dzie\u0144 i w nocy\">50 w dzie\u0144 i w nocy<\/a><\/li><li class='ez-toc-page-1 ez-toc-heading-level-2'><a class=\"ez-toc-link ez-toc-heading-2\" href=\"https:\/\/www.autotesto.pl\/blog\/zmiany-w-przepisach-drogowych-od-2021\/#Uprzywilejowani_piesi\" title=\"Uprzywilejowani piesi\">Uprzywilejowani piesi<\/a><\/li><li class='ez-toc-page-1 ez-toc-heading-level-2'><a class=\"ez-toc-link ez-toc-heading-3\" href=\"https:\/\/www.autotesto.pl\/blog\/zmiany-w-przepisach-drogowych-od-2021\/#Pieszy_tez_nie_zgrzeszy\" title=\"Pieszy te\u017c nie zgrzeszy\">Pieszy te\u017c nie zgrzeszy<\/a><\/li><li class='ez-toc-page-1 ez-toc-heading-level-2'><a class=\"ez-toc-link ez-toc-heading-4\" href=\"https:\/\/www.autotesto.pl\/blog\/zmiany-w-przepisach-drogowych-od-2021\/#Koniec_jazdy_zderzak_w_zderzak\" title=\"Koniec jazdy zderzak w zderzak\">Koniec jazdy zderzak w zderzak<\/a><\/li><li class='ez-toc-page-1 ez-toc-heading-level-2'><a class=\"ez-toc-link ez-toc-heading-5\" href=\"https:\/\/www.autotesto.pl\/blog\/zmiany-w-przepisach-drogowych-od-2021\/#Badz_bardziej_uwazny\" title=\"B\u0105d\u017a bardziej uwa\u017cny!\">B\u0105d\u017a bardziej uwa\u017cny!<\/a><\/li><\/ul><\/nav><\/div>\n\n<h2 style=\"padding-bottom: 20px; text-align: justify;\"><span class=\"ez-toc-section\" id=\"50_w_dzien_i_w_nocy\"><\/span>50 w dzie\u0144 i w nocy<span class=\"ez-toc-section-end\"><\/span><\/h2>\n<p class=\"Textbody\" style=\"padding-bottom: 20px; text-align: justify;\">Przepis obecnie panuj\u0105cy w naszym pa\u0144stwie jest na arenie europejskiej wyj\u0105tkowy. Do tej pory Polska by\u0142a jedynym krajem wchodz\u0105cym w sk\u0142ad Unii Europejskiej, w kt\u00f3rym obowi\u0105zywa\u0142a zasada m\u00f3wi\u0105ca o r\u00f3\u017cnej pr\u0119dko\u015bci w ci\u0105gu dnia i w nocy w obszarze zabudowanym. Od godziny 5 do 23 mogli\u015bmy jecha\u0107 z pr\u0119dko\u015bci\u0105 50 km\/h, a w pozosta\u0142ych godzinach o 10 km\/h wi\u0119cej. Od nowego roku ten przepis ulega zmianie. Nowy przepis ruchu drogowego m\u00f3wi o obowi\u0105zku zachowania maksymalnej pr\u0119dko\u015bci <strong>50 km\/h niezmiennie przez ca\u0142\u0105 dob\u0119<\/strong>.<\/p>\n<h2 style=\"padding-bottom: 20px; text-align: justify;\"><span class=\"ez-toc-section\" id=\"Uprzywilejowani_piesi\"><\/span>Uprzywilejowani piesi<span class=\"ez-toc-section-end\"><\/span><\/h2>\n<p class=\"Textbody\" style=\"padding-bottom: 20px; text-align: justify;\">Przygotowuj\u0105c nowe przepisy ruchu drogowego, rz\u0105d po\u0142o\u017cy\u0142 spory nacisk na bezpiecze\u0144stwo pieszych. W 2019 roku w Polsce dosz\u0142o a\u017c do 7005 wypadk\u00f3w z ich udzia\u0142em, w kt\u00f3rych zgin\u0119\u0142y 793 osoby. Najcz\u0119\u015bciej wina le\u017ca\u0142a po stronie kierowc\u00f3w, kt\u00f3rzy zawinili w ponad 63% spo\u015br\u00f3d wy\u017cej wymienionych kolizji.<\/p>\n<p class=\"Textbody\" style=\"padding-bottom: 20px; text-align: justify;\">Nieust\u0105pienie pierwsze\u0144stwa wiele razy sko\u0144czy\u0142o si\u0119 tragicznie, dlatego w sk\u0142ad nowych zasad wchodz\u0105 g\u0142\u00f3wnie takie, kt\u00f3re zwi\u0119kszaj\u0105 ochron\u0119 pieszego na jezdni. Obowi\u0105zek zatrzymania pojazdu w wypadku jego obecno\u015bci na pasach zostaje poszerzony o <strong>nakaz zatrzymania r\u00f3wnie\u017c wtedy, gdy widzimy, \u017ce pieszy dopiero zamierza przej\u015b\u0107 przez ulic\u0119<\/strong>.<\/p>\n<h2 style=\"padding-bottom: 20px; text-align: justify;\"><span class=\"ez-toc-section\" id=\"Pieszy_tez_nie_zgrzeszy\"><\/span>Pieszy te\u017c nie zgrzeszy<span class=\"ez-toc-section-end\"><\/span><\/h2>\n<p class=\"Textbody\" style=\"padding-bottom: 20px; text-align: justify;\">A to dzi\u0119ki rozszerzeniu nie tylko obowi\u0105zk\u00f3w kieruj\u0105cego pojazdem, ale te\u017c samego pieszego. Jest na niego na\u0142o\u017cony <strong>zakaz korzystania z telefonu lub innego urz\u0105dzenia elektronicznego podczas przechodzenia przez jezdni\u0119 b\u0105d\u017a torowisko oraz kiedy zamierza na nie wej\u015b\u0107<\/strong>. Piesi b\u0119d\u0105 zatem mieli bezwzgl\u0119dne pierwsze\u0144stwo, ale nie oznacza to, \u017ce b\u0119d\u0105 zwolnieni z zachowania szczeg\u00f3lnej ostro\u017cno\u015bci podczas przechodzenia do przej\u015bcia.<\/p>\n<h2 style=\"padding-bottom: 20px; text-align: justify;\"><span class=\"ez-toc-section\" id=\"Koniec_jazdy_zderzak_w_zderzak\"><\/span>Koniec jazdy zderzak w zderzak<span class=\"ez-toc-section-end\"><\/span><\/h2>\n<p class=\"Textbody\" style=\"padding-bottom: 20px; text-align: justify;\">W wyniku jazdy na zderzaku w 2017 roku na polskich drogach w ponad 2500 wypadkach zosta\u0142y ranne 3332 osoby, a przesz\u0142o 50 zgin\u0119\u0142o. Natomiast na autostradach co pi\u0105ty wypadek jest spowodowany w\u0142a\u015bnie przez tak\u0105 nieodpowiedzialn\u0105 jazd\u0119. Od nowego roku zostanie wi\u0119c wprowadzony <strong>przepis dotycz\u0105cy dr\u00f3g ekspresowych oraz autostrad, kt\u00f3ry zobowi\u0105zuje kierowc\u00f3w do zachowania takiego dystansu wyra\u017conego w metrach, aby stanowi\u0142 on po\u0142ow\u0119 pr\u0119dko\u015bci, z jak\u0105 obecnie si\u0119 porusza<\/strong>.<\/p>\n<p class=\"Textbody\" style=\"padding-bottom: 20px; text-align: justify;\">Dla przyk\u0142adu, je\u015bli porusza si\u0119 z pr\u0119dko\u015bci\u0105 130 km\/h, minimaln\u0105 odleg\u0142o\u015bci\u0105 mi\u0119dzy jego pojazdem a poprzedzaj\u0105cym go jest 65 metr\u00f3w. Istnieje jednak jedyny wyj\u0105tek, kiedy takie zachowanie nie b\u0119dzie karane. Chodzi tu o manewr wyprzedzania. Tym samym Polska do\u0142\u0105cza do Francji i Niemiec, gdzie jazda na zderzaku jest karana.<\/p>\n<h2 style=\"padding-bottom: 20px; text-align: justify;\"><span class=\"ez-toc-section\" id=\"Badz_bardziej_uwazny\"><\/span>B\u0105d\u017a bardziej uwa\u017cny!<span class=\"ez-toc-section-end\"><\/span><\/h2>\n<p class=\"Textbody\" style=\"padding-bottom: 20px; text-align: justify;\">Zmian w przepisach ruchu drogowego na nowy rok jest wi\u0119c sporo, dlatego potrzebna jest wi\u0119ksza koncentracja, aby nie z\u0142ama\u0107 obowi\u0105zuj\u0105cych zasad. Nie chodzi tu jednak tylko o trzymanie si\u0119 regu\u0142, ale te\u017c o nasze wsp\u00f3lne bezpiecze\u0144stwo, zar\u00f3wno kierowc\u00f3w, jak i pieszych. Aby by\u0107 na bie\u017c\u0105co, \u015bled\u017a nasz serwis, \u017ceby wiedzie\u0107 o nowych przepisach, skorzysta\u0107 z porad prawnych, zleci\u0107 sprowadzenie auta b\u0105d\u017a skorzysta\u0107 z pozosta\u0142ych profesjonalnych us\u0142ug.<\/p>\n","protected":false},"excerpt":{"rendered":"<p><span class=\"span-reading-time rt-reading-time\" style=\"display: block;\"><span class=\"rt-label rt-prefix\">Czas czytania artyku\u0142u:<\/span> <span class=\"rt-time\"> 2<\/span> <span class=\"rt-label rt-postfix\">minut<\/span><\/span>Co nas czeka po nowym roku (2021) na polskich drogach? Zmiany dotycz\u0105 zar\u00f3wno kierowc\u00f3w, jak i pieszych &#8211; warto wi\u0119c, by ka\u017cdy si\u0119 z nimi zapozna\u0142, aby unikn\u0105\u0107 niemi\u0142ych niespodzianek&#8230;.<\/p>\n","protected":false},"author":1,"featured_media":2364,"comment_status":"open","ping_status":"open","sticky":false,"template":"","format":"standard","meta":{"footnotes":""},"categories":[7],"tags":[],"class_list":["post-2363","post","type-post","status-publish","format-standard","has-post-thumbnail","hentry","category-porady-autotesto"],"aioseo_notices":[],"_links":{"self":[{"href":"https:\/\/www.autotesto.pl\/blog\/wp-json\/wp\/v2\/posts\/2363","targetHints":{"allow":["GET"]}}],"collection":[{"href":"https:\/\/www.autotesto.pl\/blog\/wp-json\/wp\/v2\/posts"}],"about":[{"href":"https:\/\/www.autotesto.pl\/blog\/wp-json\/wp\/v2\/types\/post"}],"author":[{"embeddable":true,"href":"https:\/\/www.autotesto.pl\/blog\/wp-json\/wp\/v2\/users\/1"}],"replies":[{"embeddable":true,"href":"https:\/\/www.autotesto.pl\/blog\/wp-json\/wp\/v2\/comments?post=2363"}],"version-history":[{"count":2,"href":"https:\/\/www.autotesto.pl\/blog\/wp-json\/wp\/v2\/posts\/2363\/revisions"}],"predecessor-version":[{"id":2366,"href":"https:\/\/www.autotesto.pl\/blog\/wp-json\/wp\/v2\/posts\/2363\/revisions\/2366"}],"wp:featuredmedia":[{"embeddable":true,"href":"https:\/\/www.autotesto.pl\/blog\/wp-json\/wp\/v2\/media\/2364"}],"wp:attachment":[{"href":"https:\/\/www.autotesto.pl\/blog\/wp-json\/wp\/v2\/media?parent=2363"}],"wp:term":[{"taxonomy":"category","embeddable":true,"href":"https:\/\/www.autotesto.pl\/blog\/wp-json\/wp\/v2\/categories?post=2363"},{"taxonomy":"post_tag","embeddable":true,"href":"https:\/\/www.autotesto.pl\/blog\/wp-json\/wp\/v2\/tags?post=2363"}],"curies":[{"name":"wp","href":"https:\/\/api.w.org\/{rel}","templated":true}]}}