{"id":2606,"date":"2022-01-10T15:55:13","date_gmt":"2022-01-10T14:55:13","guid":{"rendered":"https:\/\/www.autotesto.pl\/blog\/?p=2606"},"modified":"2023-05-23T07:50:53","modified_gmt":"2023-05-23T05:50:53","slug":"mazda-6-iii-opinie-problemy-awarie","status":"publish","type":"post","link":"https:\/\/www.autotesto.pl\/blog\/mazda-6-iii-opinie-problemy-awarie\/","title":{"rendered":"Mazda 6 III &#8211; opinie, problemy, awarie"},"content":{"rendered":"<span class=\"span-reading-time rt-reading-time\" style=\"display: block;\"><span class=\"rt-label rt-prefix\">Czas czytania artyku\u0142u:<\/span> <span class=\"rt-time\"> 3<\/span> <span class=\"rt-label rt-postfix\">minut<\/span><\/span>\n<p>Japo\u0144ska marka\n<a href=\"https:\/\/www.autotesto.pl\/blog\/jakie-sa-roznice-miedzy-mazda-cx-3-a-cx-30\/\">Mazda<\/a> od lat zachwyca kierowc\u00f3w na ca\u0142ym \u015bwiecie absolutnie unikalnymi\npojazdami w r\u00f3\u017cnych klasach, kt\u00f3re doskonale spisuj\u0105 si\u0119 na drogach, s\u0105\nekonomiczne i w dodatku \u015bwietnie wygl\u0105daj\u0105. Nie inaczej jest w przypadku\njednego z najwa\u017cniejszych modeli w gamie producenta, kt\u00f3ry zosta\u0142 oznaczony\nnumerem 6. Od 2002 roku, kiedy to po raz pierwszy pojawi\u0142 si\u0119 on na rynku,\npowsta\u0142y ju\u017c trzy generacje. W tym miejscu skupimy si\u0119 jednak najbardziej na\ntej ostatniej, czyli III. Ten wyj\u0105tkowy samoch\u00f3d dost\u0119pny jest w zasadzie na\nca\u0142ym \u015bwiecie i cieszy si\u0119 dosy\u0107 spor\u0105 popularno\u015bci\u0105. Nie ma w tym jednak nic\ndziwnego &#8211; w ko\u0144cu Mazda od lat produkuje pojazdy wysokiej klasy. W modelu 6\ntrzeciej generacji znajdziemy wiele nowoczesnych rozwi\u0105za\u0144, kt\u00f3re mimo tego, \u017ce\npremiera tego auta mia\u0142a miejsce niemal 10 lat temu, wci\u0105\u017c nie u wszystkich\nmarek s\u0105 standardem. Chcesz wiedzie\u0107 wi\u0119cej o modelu Mazda 6 III i jaki <a href=\"https:\/\/www.autotesto.pl\/blog\/wypalone-zawory-silnikowe-i-wypalone-gniazda-zaworowe\/\">silnik<\/a>\nbenzynowy wybra\u0107? W takim razie serdecznie zapraszamy do zapoznania si\u0119 z\ntre\u015bci\u0105 naszego artyku\u0142u.<\/p><div id=\"ez-toc-container\" class=\"ez-toc-v2_0_73 counter-hierarchy ez-toc-counter ez-toc-grey ez-toc-container-direction\">\n<div class=\"ez-toc-title-container\">\n<p class=\"ez-toc-title\" style=\"cursor:inherit\">Z tego artyku\u0142u dowiesz si\u0119:<\/p>\n<span class=\"ez-toc-title-toggle\"><a href=\"#\" class=\"ez-toc-pull-right ez-toc-btn ez-toc-btn-xs ez-toc-btn-default ez-toc-toggle\" aria-label=\"Toggle Table of Content\"><span class=\"ez-toc-js-icon-con\"><span class=\"\"><span class=\"eztoc-hide\" style=\"display:none;\">Toggle<\/span><span class=\"ez-toc-icon-toggle-span\"><svg style=\"fill: #999;color:#999\" xmlns=\"http:\/\/www.w3.org\/2000\/svg\" class=\"list-377408\" width=\"20px\" height=\"20px\" viewBox=\"0 0 24 24\" fill=\"none\"><path d=\"M6 6H4v2h2V6zm14 0H8v2h12V6zM4 11h2v2H4v-2zm16 0H8v2h12v-2zM4 16h2v2H4v-2zm16 0H8v2h12v-2z\" fill=\"currentColor\"><\/path><\/svg><svg style=\"fill: #999;color:#999\" class=\"arrow-unsorted-368013\" xmlns=\"http:\/\/www.w3.org\/2000\/svg\" width=\"10px\" height=\"10px\" viewBox=\"0 0 24 24\" version=\"1.2\" baseProfile=\"tiny\"><path d=\"M18.2 9.3l-6.2-6.3-6.2 6.3c-.2.2-.3.4-.3.7s.1.5.3.7c.2.2.4.3.7.3h11c.3 0 .5-.1.7-.3.2-.2.3-.5.3-.7s-.1-.5-.3-.7zM5.8 14.7l6.2 6.3 6.2-6.3c.2-.2.3-.5.3-.7s-.1-.5-.3-.7c-.2-.2-.4-.3-.7-.3h-11c-.3 0-.5.1-.7.3-.2.2-.3.5-.3.7s.1.5.3.7z\"\/><\/svg><\/span><\/span><\/span><\/a><\/span><\/div>\n<nav><ul class='ez-toc-list ez-toc-list-level-1 ' ><li class='ez-toc-page-1 ez-toc-heading-level-2'><a class=\"ez-toc-link ez-toc-heading-1\" href=\"https:\/\/www.autotesto.pl\/blog\/mazda-6-iii-opinie-problemy-awarie\/#Mazda_6_III_%E2%80%93_informacje_podstawowe\" title=\"Mazda 6 III &#8211; informacje podstawowe\">Mazda 6 III &#8211; informacje podstawowe<\/a><\/li><li class='ez-toc-page-1 ez-toc-heading-level-2'><a class=\"ez-toc-link ez-toc-heading-2\" href=\"https:\/\/www.autotesto.pl\/blog\/mazda-6-iii-opinie-problemy-awarie\/#Mazda_6_III_%E2%80%93_jaki_silnik_wybrac\" title=\"Mazda 6 III &#8211; jaki silnik wybra\u0107?\">Mazda 6 III &#8211; jaki silnik wybra\u0107?<\/a><\/li><li class='ez-toc-page-1 ez-toc-heading-level-2'><a class=\"ez-toc-link ez-toc-heading-3\" href=\"https:\/\/www.autotesto.pl\/blog\/mazda-6-iii-opinie-problemy-awarie\/#Mazda_6_III_%E2%80%93_awarie_i_problemy\" title=\"Mazda 6 III &#8211; awarie i problemy\">Mazda 6 III &#8211; awarie i problemy<\/a><\/li><li class='ez-toc-page-1 ez-toc-heading-level-2'><a class=\"ez-toc-link ez-toc-heading-4\" href=\"https:\/\/www.autotesto.pl\/blog\/mazda-6-iii-opinie-problemy-awarie\/#Opinie_o_benzynowych_Mazdach_6\" title=\"Opinie o benzynowych Mazdach 6\">Opinie o benzynowych Mazdach 6<\/a><ul class='ez-toc-list-level-3' ><li class='ez-toc-heading-level-3'><a class=\"ez-toc-link ez-toc-heading-5\" href=\"https:\/\/www.autotesto.pl\/blog\/mazda-6-iii-opinie-problemy-awarie\/#Sprawdz_inne_wpisy_o_Mazdach\" title=\"Sprawd\u017a inne wpisy o Mazdach:\">Sprawd\u017a inne wpisy o Mazdach:<\/a><\/li><\/ul><\/li><\/ul><\/nav><\/div>\n\n\n\n\n<h2 class=\"wp-block-heading\"><span class=\"ez-toc-section\" id=\"Mazda_6_III_%E2%80%93_informacje_podstawowe\"><\/span>Mazda 6 III &#8211; informacje podstawowe <span class=\"ez-toc-section-end\"><\/span><\/h2>\n\n\n\n<p>Mazda 6 III wesz\u0142a\nna rynek w 2012 roku i jest produkowana do dzi\u015b. Jest to pojazd z segmentu D,\nkt\u00f3ry wyst\u0119puje w dw\u00f3ch wersjach &#8211; 4 drzwiowy sedan oraz 5 drzwiowe kombi. W\nzale\u017cno\u015bci od wersji silnikowej mo\u017cna spotka\u0107 warianty z nap\u0119dem na prz\u00f3d, a\ntak\u017ce opcj\u0119 z nap\u0119dem na w ko\u0142a (AWD). W \u015brodku znajduje si\u0119 5 miejsc (kierowca\ni 4 pasa\u017cer\u00f3w) i mn\u00f3stwo przestrzeni, a wi\u0119c mimo tego, \u017ce nie jest to auto\nprzesadnie du\u017ce (w wersji sedan ma 4,87 metra d\u0142ugo\u015bci i 1,84 metra szeroko\u015bci\noraz 1,45 metra wysoko\u015bci), to nie b\u0119dzie to odczuwalne. Wszystko dzi\u0119ki\ndoskona\u0142emu projektowi i bardzo przemy\u015blanym elementom wn\u0119trza. Zbiornik paliwa\npomie\u015bci a\u017c 62 litry natomiast baga\u017cnik w sedanie 489 litr\u00f3w. Wersja kombi jest\noczywi\u015bcie nieco pojemniejsza i w zale\u017cno\u015bci od tego, czy siedzenia zosta\u0142y\nz\u0142o\u017cone, czy nie &#8211; mo\u017ce pomie\u015bci\u0107 od 522 do 1664 litr\u00f3w baga\u017cu.<\/p>\n\n\n\n<h2 class=\"wp-block-heading\"><span class=\"ez-toc-section\" id=\"Mazda_6_III_%E2%80%93_jaki_silnik_wybrac\"><\/span>Mazda 6 III &#8211; jaki silnik wybra\u0107?<span class=\"ez-toc-section-end\"><\/span><\/h2>\n\n\n\n<p>Gama silnikowa w\nprzypadku trzeciej generacji Mazdy 6 jest bardzo szeroka. Skupimy si\u0119 jednak na\nwersjach benzynowych. Najs\u0142abszy model to dwulitrowe Skyactiv G, kt\u00f3re\nwyst\u0119puje w dw\u00f3ch wersjach o r\u00f3\u017cnej mocy &#8211; 145 koni i 165 koni. Na rynek\neuropejski trafi\u0142a tak\u017ce dwu i p\u00f3\u0142 litrowa wersja silnika Skyactiv-G o mocy\nprawie 200 koni mechanicznych.<\/p>\n\n\n\n<p>Dla naszych\nzachodnich przyjaci\u00f3\u0142 z USA &#8211; Japo\u0144czycy przygotowali r\u00f3wnie\u017c motor Skyactiv-G\no pojemno\u015bci dw\u00f3ch i p\u00f3\u0142 litra i 184 koni mechanicznych mocy, a tak\u017ce t\u0119 sam\u0105\njednostk\u0119 tylko wyposa\u017con\u0105 w uk\u0142ad turbodo\u0142adowania, kt\u00f3ra generuje a\u017c 250 koni\nmechanicznych i 420 niutonometr\u00f3w.<\/p>\n\n\n\n<h2 class=\"wp-block-heading\"><span class=\"ez-toc-section\" id=\"Mazda_6_III_%E2%80%93_awarie_i_problemy\"><\/span>Mazda 6 III &#8211; awarie i problemy<span class=\"ez-toc-section-end\"><\/span><\/h2>\n\n\n\n<p>Ci\u0119\u017cko napisa\u0107 co\u015b\no awariach i problemach, kiedy Mazda 6 III w zasadzie si\u0119 nie psuje. Motory z\nliniii Skyactiv s\u0105 po prostu niezwykle trwa\u0142e i odporne nawet na z\u0142e\ntraktowanie. Nie jest jednak tak, \u017ce nie ma si\u0119 kompletnie do czego przyczepi\u0107\nw tym modelu. Ot\u00f3\u017c jak najbardziej jest, ale s\u0105 to raczej drobiazgi, kt\u00f3re nie\ns\u0105 ani drogie w naprawie, ani problematyczne w wymianie. Niekt\u00f3re egzemplarze\nMazdy 6 trzeciej generacji trapi\u0105 rozmaite problemy z lakierem i drobne usterki\nwyposa\u017cenia. Zar\u00f3wno jedne, jak i drugie da si\u0119 jednak naprawi\u0107 niewielkim\nkosztem. Ca\u0142kiem szybko zu\u017cyciu ulega r\u00f3wnie\u017c tapicerka, jednak nie jest to\nelement, kt\u00f3rego nie mo\u017cna z \u0142atwo\u015bci\u0105 wymieni\u0107. Czasem mog\u0105 te\u017c pojawi\u0107 si\u0119\nk\u0142opoty z \u0142adowaniem akumulatora, ale ten problem r\u00f3wnie\u017c jest powszechnie\nznany, a jego naprawa nie kosztuje zbyt wiele.<\/p>\n\n\n\n<h2 class=\"wp-block-heading\"><span class=\"ez-toc-section\" id=\"Opinie_o_benzynowych_Mazdach_6\"><\/span>Opinie o benzynowych Mazdach 6<span class=\"ez-toc-section-end\"><\/span><\/h2>\n\n\n\n<p>Kierowcy, kt\u00f3rzy zakupili Mazd\u0119 6 trzeciej generacji, zazwyczaj s\u0105 bardzo zadowoleni ze swojego nabytku. Chwal\u0105 oni atrakcyjn\u0105 lini\u0119 nadwozia, doskona\u0142\u0105 prac\u0119 i trwa\u0142o\u015b\u0107 silnika, \u015bwietn\u0105 ekonomi\u0119 i niskie koszta eksploatacji. Co prawda, auto miewa naprawd\u0119 drobne problemy, ale sumuj\u0105c wszystkie jego plusy oraz przyjemno\u015b\u0107 z jazdy, kt\u00f3r\u0105 zapewnia, mo\u017cna przymkn\u0105\u0107 na nie oko. \u015awietne przyspieszenie, \u0142adny \u015brodek, bogate wersje wyposa\u017cenia &#8211; po prostu nic doda\u0107, nic uj\u0105\u0107. Auto, kt\u00f3re mo\u017cna po prostu poleci\u0107.<\/p>\n\n\n\n<h3 class=\"wp-block-heading\"><span class=\"ez-toc-section\" id=\"Sprawdz_inne_wpisy_o_Mazdach\"><\/span>Sprawd\u017a inne wpisy o Mazdach:<span class=\"ez-toc-section-end\"><\/span><\/h3>\n\n\n\n<p><a href=\"https:\/\/www.autotesto.pl\/blog\/mazda-2-opinie-awarie-spalanie\/\">Mazda 2<\/a><\/p>\n\n\n\n<p><a href=\"https:\/\/www.autotesto.pl\/blog\/mazda-3-opinie-usterki-i-spalanie\/\">Mazda 3<\/a><\/p>\n\n\n\n<p><a href=\"https:\/\/www.autotesto.pl\/blog\/mazda-cx-5-dane-techniczne-najczestsze-awarie-spalanie\/\">Mazda CX-5 <\/a><\/p>\n\n\n\n<p><a href=\"https:\/\/www.autotesto.pl\/blog\/mazda-cx-30-dane-techniczne-spalanie-opinie-cena-wykrywane-wady\/\">Mazda CX-30<\/a><\/p>\n","protected":false},"excerpt":{"rendered":"<p><span class=\"span-reading-time rt-reading-time\" style=\"display: block;\"><span class=\"rt-label rt-prefix\">Czas czytania artyku\u0142u:<\/span> <span class=\"rt-time\"> 3<\/span> <span class=\"rt-label rt-postfix\">minut<\/span><\/span>Japo\u0144ska marka Mazda od lat zachwyca kierowc\u00f3w na ca\u0142ym \u015bwiecie absolutnie unikalnymi pojazdami w r\u00f3\u017cnych klasach, kt\u00f3re doskonale spisuj\u0105 si\u0119 na drogach, s\u0105 ekonomiczne i w dodatku \u015bwietnie wygl\u0105daj\u0105. Nie&#8230;<\/p>\n","protected":false},"author":1,"featured_media":2607,"comment_status":"open","ping_status":"open","sticky":false,"template":"","format":"standard","meta":{"footnotes":""},"categories":[3,115],"tags":[],"class_list":["post-2606","post","type-post","status-publish","format-standard","has-post-thumbnail","hentry","category-co-moge-kupic-za-moje-pieniadze","category-opinie-auta"],"aioseo_notices":[],"_links":{"self":[{"href":"https:\/\/www.autotesto.pl\/blog\/wp-json\/wp\/v2\/posts\/2606","targetHints":{"allow":["GET"]}}],"collection":[{"href":"https:\/\/www.autotesto.pl\/blog\/wp-json\/wp\/v2\/posts"}],"about":[{"href":"https:\/\/www.autotesto.pl\/blog\/wp-json\/wp\/v2\/types\/post"}],"author":[{"embeddable":true,"href":"https:\/\/www.autotesto.pl\/blog\/wp-json\/wp\/v2\/users\/1"}],"replies":[{"embeddable":true,"href":"https:\/\/www.autotesto.pl\/blog\/wp-json\/wp\/v2\/comments?post=2606"}],"version-history":[{"count":4,"href":"https:\/\/www.autotesto.pl\/blog\/wp-json\/wp\/v2\/posts\/2606\/revisions"}],"predecessor-version":[{"id":3038,"href":"https:\/\/www.autotesto.pl\/blog\/wp-json\/wp\/v2\/posts\/2606\/revisions\/3038"}],"wp:featuredmedia":[{"embeddable":true,"href":"https:\/\/www.autotesto.pl\/blog\/wp-json\/wp\/v2\/media\/2607"}],"wp:attachment":[{"href":"https:\/\/www.autotesto.pl\/blog\/wp-json\/wp\/v2\/media?parent=2606"}],"wp:term":[{"taxonomy":"category","embeddable":true,"href":"https:\/\/www.autotesto.pl\/blog\/wp-json\/wp\/v2\/categories?post=2606"},{"taxonomy":"post_tag","embeddable":true,"href":"https:\/\/www.autotesto.pl\/blog\/wp-json\/wp\/v2\/tags?post=2606"}],"curies":[{"name":"wp","href":"https:\/\/api.w.org\/{rel}","templated":true}]}}