{"id":270,"date":"2014-09-30T13:16:41","date_gmt":"2014-09-30T11:16:41","guid":{"rendered":"http:\/\/autotesto.pl\/blog\/?p=270"},"modified":"2023-11-17T10:25:05","modified_gmt":"2023-11-17T09:25:05","slug":"wrzesniowe-podsumowanie","status":"publish","type":"post","link":"https:\/\/www.autotesto.pl\/blog\/wrzesniowe-podsumowanie\/","title":{"rendered":"Wrze\u015bniowe podsumowanie \u2013 raport z rynku"},"content":{"rendered":"<span class=\"span-reading-time rt-reading-time\" style=\"display: block;\"><span class=\"rt-label rt-prefix\">Czas czytania artyku\u0142u:<\/span> <span class=\"rt-time\"> 2<\/span> <span class=\"rt-label rt-postfix\">minut<\/span><\/span><p>Schy\u0142ek kalendarzowego lata jest ju\u017c za nami, mo\u017cemy wi\u0119c och\u0142on\u0105\u0107 po wakacyjnych upa\u0142ach i na ch\u0142odno podsumowa\u0107 kolejny miesi\u0105c naszej dzia\u0142alno\u015bci na rzecz Polak\u00f3w kupuj\u0105cych auta u\u017cywane. To, co zawsze niezmiernie nas ciekawi, gdy zabieramy si\u0119 do tego zadania, to to, jak bardzo nasze og\u00f3lnopolskie dzia\u0142anie wp\u0142ywa na popraw\u0119 statystyk rynku motoryzacyjnego w naszym kraju. Jakie marki i modele brali\u015bmy pod lup\u0119 najcz\u0119\u015bciej, jaki by\u0142 ich stan i czy odsetek polecanych egzemplarzy zmieni\u0142 si\u0119 na lepsze przez ostatni miesi\u0105c?<\/p><div id=\"ez-toc-container\" class=\"ez-toc-v2_0_73 counter-hierarchy ez-toc-counter ez-toc-grey ez-toc-container-direction\">\n<div class=\"ez-toc-title-container\">\n<p class=\"ez-toc-title\" style=\"cursor:inherit\">Z tego artyku\u0142u dowiesz si\u0119:<\/p>\n<span class=\"ez-toc-title-toggle\"><a href=\"#\" class=\"ez-toc-pull-right ez-toc-btn ez-toc-btn-xs ez-toc-btn-default ez-toc-toggle\" aria-label=\"Toggle Table of Content\"><span class=\"ez-toc-js-icon-con\"><span class=\"\"><span class=\"eztoc-hide\" style=\"display:none;\">Toggle<\/span><span class=\"ez-toc-icon-toggle-span\"><svg style=\"fill: #999;color:#999\" xmlns=\"http:\/\/www.w3.org\/2000\/svg\" class=\"list-377408\" width=\"20px\" height=\"20px\" viewBox=\"0 0 24 24\" fill=\"none\"><path d=\"M6 6H4v2h2V6zm14 0H8v2h12V6zM4 11h2v2H4v-2zm16 0H8v2h12v-2zM4 16h2v2H4v-2zm16 0H8v2h12v-2z\" fill=\"currentColor\"><\/path><\/svg><svg style=\"fill: #999;color:#999\" class=\"arrow-unsorted-368013\" xmlns=\"http:\/\/www.w3.org\/2000\/svg\" width=\"10px\" height=\"10px\" viewBox=\"0 0 24 24\" version=\"1.2\" baseProfile=\"tiny\"><path d=\"M18.2 9.3l-6.2-6.3-6.2 6.3c-.2.2-.3.4-.3.7s.1.5.3.7c.2.2.4.3.7.3h11c.3 0 .5-.1.7-.3.2-.2.3-.5.3-.7s-.1-.5-.3-.7zM5.8 14.7l6.2 6.3 6.2-6.3c.2-.2.3-.5.3-.7s-.1-.5-.3-.7c-.2-.2-.4-.3-.7-.3h-11c-.3 0-.5.1-.7.3-.2.2-.3.5-.3.7s.1.5.3.7z\"\/><\/svg><\/span><\/span><\/span><\/a><\/span><\/div>\n<nav><ul class='ez-toc-list ez-toc-list-level-1 ' ><li class='ez-toc-page-1 ez-toc-heading-level-3'><a class=\"ez-toc-link ez-toc-heading-1\" href=\"https:\/\/www.autotesto.pl\/blog\/wrzesniowe-podsumowanie\/#Niemcy_nadal_liderem\" title=\"Niemcy nadal liderem\">Niemcy nadal liderem<\/a><\/li><li class='ez-toc-page-1 ez-toc-heading-level-3'><a class=\"ez-toc-link ez-toc-heading-2\" href=\"https:\/\/www.autotesto.pl\/blog\/wrzesniowe-podsumowanie\/#Najpopularniejsze_marki_i_modele\" title=\"Najpopularniejsze marki i modele\">Najpopularniejsze marki i modele<\/a><\/li><li class='ez-toc-page-1 ez-toc-heading-level-3'><a class=\"ez-toc-link ez-toc-heading-3\" href=\"https:\/\/www.autotesto.pl\/blog\/wrzesniowe-podsumowanie\/#Caly_czas_mlode_egzemplarze_z_napedem%E2%80%A6\" title=\"Ca\u0142y czas m\u0142ode egzemplarze, z nap\u0119dem&#8230;\">Ca\u0142y czas m\u0142ode egzemplarze, z nap\u0119dem&#8230;<\/a><\/li><li class='ez-toc-page-1 ez-toc-heading-level-3'><a class=\"ez-toc-link ez-toc-heading-4\" href=\"https:\/\/www.autotesto.pl\/blog\/wrzesniowe-podsumowanie\/#Typ_nadwozia_i_przebieg\" title=\"Typ nadwozia i przebieg\">Typ nadwozia i przebieg<\/a><\/li><li class='ez-toc-page-1 ez-toc-heading-level-3'><a class=\"ez-toc-link ez-toc-heading-5\" href=\"https:\/\/www.autotesto.pl\/blog\/wrzesniowe-podsumowanie\/#Autentycznosc_przebiegu\" title=\"Autentyczno\u015b\u0107 przebiegu\">Autentyczno\u015b\u0107 przebiegu<\/a><\/li><\/ul><\/nav><\/div>\n\n<h3><span class=\"ez-toc-section\" id=\"Niemcy_nadal_liderem\"><\/span><b>Niemcy nadal liderem<\/b><span class=\"ez-toc-section-end\"><\/span><\/h3>\n<p>Nasi zachodni s\u0105siedzi wydaj\u0105 si\u0119 mie\u0107 stabiln\u0105 pozycj\u0119 jako kraj, z kt\u00f3rego importujemy u\u017cywane auta. Wrzesie\u0144 pokaza\u0142 nam r\u00f3wnie\u017c, \u017ce zainteresowanie takimi pojazdami ro\u015bnie w\u015br\u00f3d naszych klient\u00f3w, gdy\u017c tym razem osi\u0105gn\u0119\u0142o pu\u0142ap 41,05% wszystkich raportowanych przez nas egzemplarzy. Modele z polskiego salonu nadal jednak otrzymuj\u0105 swoj\u0105 drug\u0105 pozycj\u0119 na li\u015bcie, cho\u0107 dystans do lidera wydaje si\u0119 konsekwentnie rosn\u0105\u0107.<\/p>\n<h3><span class=\"ez-toc-section\" id=\"Najpopularniejsze_marki_i_modele\"><\/span><b><br \/>\nNajpopularniejsze marki i modele<\/b><span class=\"ez-toc-section-end\"><\/span><\/h3>\n<p>W tym miejscu nast\u0105pi\u0142o nie lada przetasowanie, gdy\u017c prowadz\u0105cy dot\u0105d Ford musia\u0142 ust\u0105pi\u0107 pola u\u017cywanym samochodom wyprodukowanym przez koncern <a href=\"https:\/\/www.autotesto.pl\/blog\/jakie-sa-roznice-miedzy-mazda-cx-3-a-cx-30\/\">Mazda<\/a>. Wynik nowego lidera to 18,95% wszystkich sprawdzonych przez nas aut. Ma\u0142o tego, przed Fordem znajduj\u0105 si\u0119 teraz r\u00f3wnie\u017c Volvo i <a href=\"https:\/\/www.autotesto.pl\/blog\/najczestsze-usterki-w-samochodzie-renault-captur\/\">Renault<\/a> \u2013 jesienna aura widocznie zmienia tendencje wybor\u00f3w na rynku konsumenckim je\u015bli chodzi o motoryzacj\u0119. Co si\u0119 za\u015b tyczy modeli najch\u0119tniej weryfikowanych, to nie zdziwi nikogo, \u017ce pierwsz\u0105 tr\u00f3jk\u0119 zajmuj\u0105 Mazda 6, Ford Focus i Mazda CX-5.<\/p>\n<h3><span class=\"ez-toc-section\" id=\"Caly_czas_mlode_egzemplarze_z_napedem%E2%80%A6\"><\/span><b>Ca\u0142y czas m\u0142ode egzemplarze, z nap\u0119dem&#8230;<\/b><span class=\"ez-toc-section-end\"><\/span><\/h3>\n<p>Wrzesie\u0144 to miesi\u0105c opanowany przez samochodu u\u017cytkowane z rocznika 2007 i 2005. Dotychczasowo najbardziej popularny rocznik 2010 musia\u0142 zej\u015b\u0107 na dalszy plan. Najmniej zlece\u0144 ekspertyzy wykonali\u015bmy za\u015b w wojew\u00f3dztwie \u015bwi\u0119tokrzyskim, najwi\u0119cej natomiast pomogli\u015bmy Wielkopolanom i mieszka\u0144com Mazowsza. Raczej nie jest zaskoczeniem, i\u017c najbardziej popularne w naszych statystykach s\u0105 nadal modele z nap\u0119dem na przednia o\u015b, z manualn\u0105 skrzyni\u0105 bieg\u00f3w. Wrzesie\u0144 to r\u00f3wnie\u017c podobnie jak sierpie\u0144 miesi\u0105c motor\u00f3w wysokopr\u0119\u017cnych \u2013 zapewne ze wzgl\u0119d\u00f3w ekonomicznych.<\/p>\n<h3><span class=\"ez-toc-section\" id=\"Typ_nadwozia_i_przebieg\"><\/span><b><br \/>\nTyp nadwozia i przebieg<\/b><span class=\"ez-toc-section-end\"><\/span><\/h3>\n<p>Turcja sedanami stoi, ale Polacy nieugi\u0119cie stawiaj\u0105 na praktyczno\u015b\u0107 i kolejny miesi\u0105c potwierdzaj\u0105, i\u017c nadwozie typu hatchback jest dla nich najatrakcyjniejsze. Co ciekawe wzr\u00f3s\u0142 odsetek samochod\u00f3w u\u017cywanych z wi\u0119kszym ni\u017c dotychczas przebiegiem, co doprowadzi\u0142o do sytuacji, \u017ce wrzesie\u0144 zako\u0144czy\u0142 si\u0119 zwyci\u0119stwem modeli maj\u0105cych na liczniku od 150 000 do 200 000 kilometr\u00f3w. Wyja\u015bnienie nasuwa si\u0119 samo, bo skoro wybrali Pa\u0144stwo starsze roczniki, to i wi\u0119ksza historia drogowa musia\u0142a za tym sta\u0107.<\/p>\n<h3><span class=\"ez-toc-section\" id=\"Autentycznosc_przebiegu\"><\/span><b>Autentyczno\u015b\u0107 przebiegu<\/b><span class=\"ez-toc-section-end\"><\/span><\/h3>\n<p>Kolejna dobra wiadomo\u015b\u0107. Wrzesie\u0144 jawi si\u0119 nam jako miesi\u0105c, gdzie w 83,16% przypadk\u00f3w nasi eksperci nie mieli zastrze\u017ce\u0144 co do autentyczno\u015bci stanu licznika kilometr\u00f3w. Gorzej jest \u2013 a jak\u017ce by inaczej \u2013 z prawdom\u00f3wno\u015bci\u0105 sprzedawc\u00f3w, gdy\u017c tradycyjnie co drugie auto (51,58%) posiada w Polsce podkolorowany opis og\u0142oszenia. Najcz\u0119stsze nie\u015bcis\u0142o\u015bci dotyczy\u0142y wyposa\u017cenia i usterek. Wzr\u00f3s\u0142 jednak wsp\u00f3\u0142czynnik polecanych przez nas pojazd\u00f3w, gdy\u017c tym razem osi\u0105gn\u0105\u0142 pu\u0142ap 53,86%. Nie spoczywamy jednak na laurach i drobnymi kroczkami zamierzamy uzdrowi\u0107 nasz krajowy rynek motoryzacyjny, by ka\u017cdy kto poszukuje samochodu u\u017cywanego nie musia\u0142 si\u0119 obawia\u0107, i\u017c zostanie oszukany (dlatego zawsze sugerujemy, \u017ce brak obeznania warto nadrobi\u0107 przy pomocy <a href=\"https:\/\/www.autotesto.pl\/cennik\/\"><b>profesjonalnej ekspertyzy<\/b><\/a> stanu pojazdu).<\/p>\n","protected":false},"excerpt":{"rendered":"<p><span class=\"span-reading-time rt-reading-time\" style=\"display: block;\"><span class=\"rt-label rt-prefix\">Czas czytania artyku\u0142u:<\/span> <span class=\"rt-time\"> 2<\/span> <span class=\"rt-label rt-postfix\">minut<\/span><\/span>Schy\u0142ek kalendarzowego lata jest ju\u017c za nami, mo\u017cemy wi\u0119c och\u0142on\u0105\u0107 po wakacyjnych upa\u0142ach i na ch\u0142odno podsumowa\u0107 kolejny miesi\u0105c naszej dzia\u0142alno\u015bci na rzecz Polak\u00f3w kupuj\u0105cych auta u\u017cywane. To, co zawsze&#8230;<\/p>\n","protected":false},"author":2,"featured_media":271,"comment_status":"open","ping_status":"open","sticky":false,"template":"","format":"standard","meta":{"footnotes":""},"categories":[8],"tags":[],"class_list":["post-270","post","type-post","status-publish","format-standard","has-post-thumbnail","hentry","category-raport-autotesto"],"aioseo_notices":[],"_links":{"self":[{"href":"https:\/\/www.autotesto.pl\/blog\/wp-json\/wp\/v2\/posts\/270","targetHints":{"allow":["GET"]}}],"collection":[{"href":"https:\/\/www.autotesto.pl\/blog\/wp-json\/wp\/v2\/posts"}],"about":[{"href":"https:\/\/www.autotesto.pl\/blog\/wp-json\/wp\/v2\/types\/post"}],"author":[{"embeddable":true,"href":"https:\/\/www.autotesto.pl\/blog\/wp-json\/wp\/v2\/users\/2"}],"replies":[{"embeddable":true,"href":"https:\/\/www.autotesto.pl\/blog\/wp-json\/wp\/v2\/comments?post=270"}],"version-history":[{"count":1,"href":"https:\/\/www.autotesto.pl\/blog\/wp-json\/wp\/v2\/posts\/270\/revisions"}],"predecessor-version":[{"id":3170,"href":"https:\/\/www.autotesto.pl\/blog\/wp-json\/wp\/v2\/posts\/270\/revisions\/3170"}],"wp:featuredmedia":[{"embeddable":true,"href":"https:\/\/www.autotesto.pl\/blog\/wp-json\/wp\/v2\/media\/271"}],"wp:attachment":[{"href":"https:\/\/www.autotesto.pl\/blog\/wp-json\/wp\/v2\/media?parent=270"}],"wp:term":[{"taxonomy":"category","embeddable":true,"href":"https:\/\/www.autotesto.pl\/blog\/wp-json\/wp\/v2\/categories?post=270"},{"taxonomy":"post_tag","embeddable":true,"href":"https:\/\/www.autotesto.pl\/blog\/wp-json\/wp\/v2\/tags?post=270"}],"curies":[{"name":"wp","href":"https:\/\/api.w.org\/{rel}","templated":true}]}}