{"id":2918,"date":"2023-02-20T10:40:00","date_gmt":"2023-02-20T09:40:00","guid":{"rendered":"https:\/\/www.autotesto.pl\/blog\/?p=2918"},"modified":"2023-02-02T11:22:10","modified_gmt":"2023-02-02T10:22:10","slug":"czy-mozna-dostac-mandat-za-brak-opon-zimowych","status":"publish","type":"post","link":"https:\/\/www.autotesto.pl\/blog\/czy-mozna-dostac-mandat-za-brak-opon-zimowych\/","title":{"rendered":"Czy mo\u017cna dosta\u0107 mandat za brak opon zimowych?"},"content":{"rendered":"<span class=\"span-reading-time rt-reading-time\" style=\"display: block;\"><span class=\"rt-label rt-prefix\">Czas czytania artyku\u0142u:<\/span> <span class=\"rt-time\"> 2<\/span> <span class=\"rt-label rt-postfix\">minut<\/span><\/span>\n<p>Wymiana opon z letnich na zimowe\njest bardzo wa\u017cnym procesem, o kt\u00f3rym warto pami\u0119ta\u0107 ka\u017cdego roku. To z\npewno\u015bci\u0105 bezpieczne rozwi\u0105zanie, jednak na my\u015bl przychodzi nam pytanie &#8211; czy\nmo\u017cna dosta\u0107 mandat za brak opon zimowych? <\/p><div id=\"ez-toc-container\" class=\"ez-toc-v2_0_73 counter-hierarchy ez-toc-counter ez-toc-grey ez-toc-container-direction\">\n<div class=\"ez-toc-title-container\">\n<p class=\"ez-toc-title\" style=\"cursor:inherit\">Z tego artyku\u0142u dowiesz si\u0119:<\/p>\n<span class=\"ez-toc-title-toggle\"><a href=\"#\" class=\"ez-toc-pull-right ez-toc-btn ez-toc-btn-xs ez-toc-btn-default ez-toc-toggle\" aria-label=\"Toggle Table of Content\"><span class=\"ez-toc-js-icon-con\"><span class=\"\"><span class=\"eztoc-hide\" style=\"display:none;\">Toggle<\/span><span class=\"ez-toc-icon-toggle-span\"><svg style=\"fill: #999;color:#999\" xmlns=\"http:\/\/www.w3.org\/2000\/svg\" class=\"list-377408\" width=\"20px\" height=\"20px\" viewBox=\"0 0 24 24\" fill=\"none\"><path d=\"M6 6H4v2h2V6zm14 0H8v2h12V6zM4 11h2v2H4v-2zm16 0H8v2h12v-2zM4 16h2v2H4v-2zm16 0H8v2h12v-2z\" fill=\"currentColor\"><\/path><\/svg><svg style=\"fill: #999;color:#999\" class=\"arrow-unsorted-368013\" xmlns=\"http:\/\/www.w3.org\/2000\/svg\" width=\"10px\" height=\"10px\" viewBox=\"0 0 24 24\" version=\"1.2\" baseProfile=\"tiny\"><path d=\"M18.2 9.3l-6.2-6.3-6.2 6.3c-.2.2-.3.4-.3.7s.1.5.3.7c.2.2.4.3.7.3h11c.3 0 .5-.1.7-.3.2-.2.3-.5.3-.7s-.1-.5-.3-.7zM5.8 14.7l6.2 6.3 6.2-6.3c.2-.2.3-.5.3-.7s-.1-.5-.3-.7c-.2-.2-.4-.3-.7-.3h-11c-.3 0-.5.1-.7.3-.2.2-.3.5-.3.7s.1.5.3.7z\"\/><\/svg><\/span><\/span><\/span><\/a><\/span><\/div>\n<nav><ul class='ez-toc-list ez-toc-list-level-1 ' ><li class='ez-toc-page-1 ez-toc-heading-level-2'><a class=\"ez-toc-link ez-toc-heading-1\" href=\"https:\/\/www.autotesto.pl\/blog\/czy-mozna-dostac-mandat-za-brak-opon-zimowych\/#Czy_jest_mandat_za_brak_opon_zimowych\" title=\"Czy\njest mandat za brak opon zimowych?\">Czy\njest mandat za brak opon zimowych?<\/a><\/li><li class='ez-toc-page-1 ez-toc-heading-level-2'><a class=\"ez-toc-link ez-toc-heading-2\" href=\"https:\/\/www.autotesto.pl\/blog\/czy-mozna-dostac-mandat-za-brak-opon-zimowych\/#Dlaczego_nalezy_zmieniac_opony_letnie_na_zimowe\" title=\"Dlaczego\nnale\u017cy zmienia\u0107 opony letnie na zimowe?\">Dlaczego\nnale\u017cy zmienia\u0107 opony letnie na zimowe?<\/a><\/li><li class='ez-toc-page-1 ez-toc-heading-level-2'><a class=\"ez-toc-link ez-toc-heading-3\" href=\"https:\/\/www.autotesto.pl\/blog\/czy-mozna-dostac-mandat-za-brak-opon-zimowych\/#Opony_letnie_zima_%E2%80%93_jakie_stwarzaja_zagrozenia\" title=\"Opony\nletnie zim\u0105 &#8211; jakie stwarzaj\u0105 zagro\u017cenia?\">Opony\nletnie zim\u0105 &#8211; jakie stwarzaj\u0105 zagro\u017cenia?<\/a><\/li><li class='ez-toc-page-1 ez-toc-heading-level-2'><a class=\"ez-toc-link ez-toc-heading-4\" href=\"https:\/\/www.autotesto.pl\/blog\/czy-mozna-dostac-mandat-za-brak-opon-zimowych\/#Dlaczego_tak_wazna_jest_zmiana_opon_na_zimowe\" title=\"Dlaczego\ntak wa\u017cna jest zmiana opon na zimowe?\">Dlaczego\ntak wa\u017cna jest zmiana opon na zimowe?<\/a><\/li><\/ul><\/nav><\/div>\n\n\n\n\n<h2 class=\"wp-block-heading\"><span class=\"ez-toc-section\" id=\"Czy_jest_mandat_za_brak_opon_zimowych\"><\/span>Czy\njest mandat za brak opon zimowych?<span class=\"ez-toc-section-end\"><\/span><\/h2>\n\n\n\n<p>To pytanie nurtuje wielu kierowc\u00f3w i\ncho\u0107 zgodnie z brakiem przepis\u00f3w nie mamy obowi\u0105zku zmiany opon na zimowe, to\nokazuje si\u0119, \u017ce mo\u017cemy dosta\u0107 mandat za z\u0142y stan ogumienia. Taryfikator\nmandat\u00f3w oraz punkt\u00f3w karnych obejmuje kar\u0119 za opony, a w radykalnych\nprzypadkach, funkcjonariusze policji mog\u0105 nawet zatrzyma\u0107 samoch\u00f3d. <\/p>\n\n\n\n<p>Zmiana opon na zimowe powinna by\u0107\nsta\u0142ym punktem w naszym kalendarzu, gdy na termometrach temperatura spada i\npojawiaj\u0105 si\u0119 przymrozki. Oblodzona droga to niezwykle du\u017ce niebezpiecze\u0144stwo\ndla uczestnik\u00f3w ruchu drogowego, a opony letnie nie s\u0105 przeznaczone do takich\nwarunk\u00f3w atmosferycznych. <\/p>\n\n\n\n<h2 class=\"wp-block-heading\"><span class=\"ez-toc-section\" id=\"Dlaczego_nalezy_zmieniac_opony_letnie_na_zimowe\"><\/span>Dlaczego\nnale\u017cy zmienia\u0107 opony letnie na zimowe?<span class=\"ez-toc-section-end\"><\/span><\/h2>\n\n\n\n<p>Wiadomo ju\u017c, czy mo\u017cna dosta\u0107 mandat\nza letnie opony zim\u0105, jednak warto mie\u0107 na uwadze argumenty przemawiaj\u0105ce za\ntak\u0105 decyzj\u0105. Przede wszystkim musimy mie\u0107 \u015bwiadomo\u015b\u0107, \u017ce opona letnia\nprojektowana jest na zupe\u0142nie odmienne warunki ni\u017c zimowa. Trudno jest wi\u0119c\nobej\u015b\u0107 tak istotne aspekty, poniewa\u017c s\u0105 one wynikiem przygotowania opon na\nkonkretne pory roku. Eksploatacja opon wiosennych w okresie zimowym nie jest\ndobrym pomys\u0142em. W wyniku tego nasz pojazd mo\u017ce nie nad\u0105\u017cy\u0107 za innymi, a\nutrzymanie nad nim kontroli stanie si\u0119 zdecydowanie trudniejsze. <\/p>\n\n\n\n<p>Pami\u0119tajmy r\u00f3wnie\u017c o tym, \u017ce zmiana\nopon z letnich na zimowe ma ogromne znaczenia dla bezpiecze\u0144stwa na drodze.\nPodczas podr\u00f3\u017cy odpowiadamy nie tylko za siebie czy pasa\u017cer\u00f3w naszego pojazdu,\nale r\u00f3wnie\u017c za pozosta\u0142ych uczestnik\u00f3w ruchu drogowego, dlatego nie powinni\u015bmy\nzwi\u0119ksza\u0107 ryzyka wyst\u0105pienia wypadku. <\/p>\n\n\n\n<h2 class=\"wp-block-heading\"><span class=\"ez-toc-section\" id=\"Opony_letnie_zima_%E2%80%93_jakie_stwarzaja_zagrozenia\"><\/span>Opony\nletnie zim\u0105 &#8211; jakie stwarzaj\u0105 zagro\u017cenia?<span class=\"ez-toc-section-end\"><\/span><\/h2>\n\n\n\n<p>Brak zmiany opon letnich na zimowe\nwi\u0105\u017ce si\u0119 z wieloma zagro\u017ceniami. Przede wszystkim, je\u015bli pojazd przed nami\ngwa\u0142townie zahamuje, zmniejszamy swoje szanse na sprawne zareagowanie, co mo\u017ce\nwp\u0142yn\u0105\u0107 na spowodowanie wypadku. W wyniku mniejszej kontroli nad autem mo\u017cemy\nmie\u0107 r\u00f3wnie\u017c problemy z szybszym poruszaniem si\u0119 po drogach czy sprawnym\nmanewrowaniem. <\/p>\n\n\n\n<p>Opony letnie nie posiadaj\u0105\nodpowiedniej przyczepno\u015bci do pod\u0142o\u017ca, co dodatkowo zwi\u0119ksza ryzyko wyst\u0105pienia\nnieprzewidzianych problem\u00f3w z kontrolowaniem pojazdu. <\/p>\n\n\n\n<h2 class=\"wp-block-heading\"><span class=\"ez-toc-section\" id=\"Dlaczego_tak_wazna_jest_zmiana_opon_na_zimowe\"><\/span>Dlaczego\ntak wa\u017cna jest zmiana opon na zimowe?<span class=\"ez-toc-section-end\"><\/span><\/h2>\n\n\n\n<p>Opony zimowe wyr\u00f3\u017cniaj\u0105 si\u0119 zupe\u0142nie inn\u0105 budow\u0105 ni\u017c te, kt\u00f3rych u\u017cywamy w okresie letnim. Nie tylko pozwalaj\u0105 na zachowanie odpowiedniej przyczepno\u015bci do pod\u0142o\u017ca, ale r\u00f3wnie\u017c odznaczaj\u0105 si\u0119 r\u00f3\u017cnicom we wzorach bie\u017cnika, a tak\u017ce w sk\u0142adzie mieszanki. W wyniku wi\u0119kszej ilo\u015bci naci\u0119\u0107 na bie\u017cniku guma jest nie tylko bardziej elastyczna, ale r\u00f3wnie\u017c bardziej podatna na ugi\u0119cia. Co wi\u0119cej, szersze naci\u0119cia bie\u017cnika pozwalaj\u0105 na jego samoczyszczenie si\u0119 w okresie zimowym, a znacz\u0105co wi\u0119ksza zawarto\u015b\u0107 krzemionki znajduj\u0105ca si\u0119 w sk\u0142adzie mieszkanki przek\u0142ada si\u0119 na elastyczno\u015b\u0107 w niskich temperaturach.<\/p>\n\n\n\n<p><\/p>\n\n\n\n<p> Przeczytaj wi\u0119cej informacji o samochodach: <\/p>\n\n\n\n<p><a href=\"https:\/\/www.autotesto.pl\/blog\/czy-mozna-dostac-mandat-za-brak-plynu-do-spryskiwaczy\/\">Czy mo\u017cna dosta\u0107 mandat za brak p\u0142ynu do spryskiwaczy?<\/a><\/p>\n","protected":false},"excerpt":{"rendered":"<p><span class=\"span-reading-time rt-reading-time\" style=\"display: block;\"><span class=\"rt-label rt-prefix\">Czas czytania artyku\u0142u:<\/span> <span class=\"rt-time\"> 2<\/span> <span class=\"rt-label rt-postfix\">minut<\/span><\/span>Wymiana opon z letnich na zimowe jest bardzo wa\u017cnym procesem, o kt\u00f3rym warto pami\u0119ta\u0107 ka\u017cdego roku. To z pewno\u015bci\u0105 bezpieczne rozwi\u0105zanie, jednak na my\u015bl przychodzi nam pytanie &#8211; czy mo\u017cna&#8230;<\/p>\n","protected":false},"author":1,"featured_media":2938,"comment_status":"closed","ping_status":"open","sticky":false,"template":"","format":"standard","meta":{"footnotes":""},"categories":[7],"tags":[],"class_list":["post-2918","post","type-post","status-publish","format-standard","has-post-thumbnail","hentry","category-porady-autotesto"],"aioseo_notices":[],"_links":{"self":[{"href":"https:\/\/www.autotesto.pl\/blog\/wp-json\/wp\/v2\/posts\/2918","targetHints":{"allow":["GET"]}}],"collection":[{"href":"https:\/\/www.autotesto.pl\/blog\/wp-json\/wp\/v2\/posts"}],"about":[{"href":"https:\/\/www.autotesto.pl\/blog\/wp-json\/wp\/v2\/types\/post"}],"author":[{"embeddable":true,"href":"https:\/\/www.autotesto.pl\/blog\/wp-json\/wp\/v2\/users\/1"}],"replies":[{"embeddable":true,"href":"https:\/\/www.autotesto.pl\/blog\/wp-json\/wp\/v2\/comments?post=2918"}],"version-history":[{"count":3,"href":"https:\/\/www.autotesto.pl\/blog\/wp-json\/wp\/v2\/posts\/2918\/revisions"}],"predecessor-version":[{"id":2922,"href":"https:\/\/www.autotesto.pl\/blog\/wp-json\/wp\/v2\/posts\/2918\/revisions\/2922"}],"wp:featuredmedia":[{"embeddable":true,"href":"https:\/\/www.autotesto.pl\/blog\/wp-json\/wp\/v2\/media\/2938"}],"wp:attachment":[{"href":"https:\/\/www.autotesto.pl\/blog\/wp-json\/wp\/v2\/media?parent=2918"}],"wp:term":[{"taxonomy":"category","embeddable":true,"href":"https:\/\/www.autotesto.pl\/blog\/wp-json\/wp\/v2\/categories?post=2918"},{"taxonomy":"post_tag","embeddable":true,"href":"https:\/\/www.autotesto.pl\/blog\/wp-json\/wp\/v2\/tags?post=2918"}],"curies":[{"name":"wp","href":"https:\/\/api.w.org\/{rel}","templated":true}]}}