{"id":3061,"date":"2023-08-07T13:58:00","date_gmt":"2023-08-07T11:58:00","guid":{"rendered":"https:\/\/www.autotesto.pl\/blog\/?p=3061"},"modified":"2023-07-24T14:16:27","modified_gmt":"2023-07-24T12:16:27","slug":"cupra-urbanrebel-concept-miejski-elektryk-o-buntowniczej-duszy","status":"publish","type":"post","link":"https:\/\/www.autotesto.pl\/blog\/cupra-urbanrebel-concept-miejski-elektryk-o-buntowniczej-duszy\/","title":{"rendered":"Cupra UrbanRebel Concept &#8211; miejski elektryk o buntowniczej duszy"},"content":{"rendered":"<span class=\"span-reading-time rt-reading-time\" style=\"display: block;\"><span class=\"rt-label rt-prefix\">Czas czytania artyku\u0142u:<\/span> <span class=\"rt-time\"> 2<\/span> <span class=\"rt-label rt-postfix\">minut<\/span><\/span>\n<p>W tegorocznej edycji Race of Champions najlepsi kierowcy \u015bwiata zmierzyli si\u0119 w wy\u015bcigu, siedz\u0105c za kierownic\u0105 wyj\u0105tkowego, w pe\u0142ni elektrycznego auta. Cho\u0107 Cupra UrbanRebel Concept trafi do sprzeda\u017cy dopiero w 2025 roku, ju\u017c od kilku lat wzbudza niema\u0142e emocje. Ten nietuzinkowy pojazd koncepcyjny o stosunkowo niewielkim nadwoziu osi\u0105ga pr\u0119dko\u015b\u0107 100 kilometr\u00f3w na godzin\u0119 w ci\u0105gu 3,2 sekundy. Co jeszcze potrafi?<\/p><div id=\"ez-toc-container\" class=\"ez-toc-v2_0_73 counter-hierarchy ez-toc-counter ez-toc-grey ez-toc-container-direction\">\n<div class=\"ez-toc-title-container\">\n<p class=\"ez-toc-title\" style=\"cursor:inherit\">Z tego artyku\u0142u dowiesz si\u0119:<\/p>\n<span class=\"ez-toc-title-toggle\"><a href=\"#\" class=\"ez-toc-pull-right ez-toc-btn ez-toc-btn-xs ez-toc-btn-default ez-toc-toggle\" aria-label=\"Toggle Table of Content\"><span class=\"ez-toc-js-icon-con\"><span class=\"\"><span class=\"eztoc-hide\" style=\"display:none;\">Toggle<\/span><span class=\"ez-toc-icon-toggle-span\"><svg style=\"fill: #999;color:#999\" xmlns=\"http:\/\/www.w3.org\/2000\/svg\" class=\"list-377408\" width=\"20px\" height=\"20px\" viewBox=\"0 0 24 24\" fill=\"none\"><path d=\"M6 6H4v2h2V6zm14 0H8v2h12V6zM4 11h2v2H4v-2zm16 0H8v2h12v-2zM4 16h2v2H4v-2zm16 0H8v2h12v-2z\" fill=\"currentColor\"><\/path><\/svg><svg style=\"fill: #999;color:#999\" class=\"arrow-unsorted-368013\" xmlns=\"http:\/\/www.w3.org\/2000\/svg\" width=\"10px\" height=\"10px\" viewBox=\"0 0 24 24\" version=\"1.2\" baseProfile=\"tiny\"><path d=\"M18.2 9.3l-6.2-6.3-6.2 6.3c-.2.2-.3.4-.3.7s.1.5.3.7c.2.2.4.3.7.3h11c.3 0 .5-.1.7-.3.2-.2.3-.5.3-.7s-.1-.5-.3-.7zM5.8 14.7l6.2 6.3 6.2-6.3c.2-.2.3-.5.3-.7s-.1-.5-.3-.7c-.2-.2-.4-.3-.7-.3h-11c-.3 0-.5.1-.7.3-.2.2-.3.5-.3.7s.1.5.3.7z\"\/><\/svg><\/span><\/span><\/span><\/a><\/span><\/div>\n<nav><ul class='ez-toc-list ez-toc-list-level-1 ' ><li class='ez-toc-page-1 ez-toc-heading-level-2'><a class=\"ez-toc-link ez-toc-heading-1\" href=\"https:\/\/www.autotesto.pl\/blog\/cupra-urbanrebel-concept-miejski-elektryk-o-buntowniczej-duszy\/#Cupra_UrbanRebel_Concept_%E2%80%93_miejski_samochod_o_oryginalnym_designie\" title=\"Cupra UrbanRebel Concept \u2013 miejski samoch\u00f3d o oryginalnym designie\">Cupra UrbanRebel Concept \u2013 miejski samoch\u00f3d o oryginalnym designie<\/a><\/li><li class='ez-toc-page-1 ez-toc-heading-level-2'><a class=\"ez-toc-link ez-toc-heading-2\" href=\"https:\/\/www.autotesto.pl\/blog\/cupra-urbanrebel-concept-miejski-elektryk-o-buntowniczej-duszy\/#Cupra_UrbanRebel_Racing_Concept_%E2%80%93_bohater_tegorocznego_Race_of_Champions\" title=\"Cupra UrbanRebel Racing Concept \u2013 bohater tegorocznego Race of Champions\">Cupra UrbanRebel Racing Concept \u2013 bohater tegorocznego Race of Champions<\/a><\/li><li class='ez-toc-page-1 ez-toc-heading-level-2'><a class=\"ez-toc-link ez-toc-heading-3\" href=\"https:\/\/www.autotesto.pl\/blog\/cupra-urbanrebel-concept-miejski-elektryk-o-buntowniczej-duszy\/#Co_warto_wiedziec_o_modelu_Cupra_UrbanRebel_Concept\" title=\"Co warto wiedzie\u0107 o modelu Cupra UrbanRebel Concept?\">Co warto wiedzie\u0107 o modelu Cupra UrbanRebel Concept?<\/a><\/li><li class='ez-toc-page-1 ez-toc-heading-level-2'><a class=\"ez-toc-link ez-toc-heading-4\" href=\"https:\/\/www.autotesto.pl\/blog\/cupra-urbanrebel-concept-miejski-elektryk-o-buntowniczej-duszy\/#Nowoczesne_rozwiazania_zastosowane_w_Cupra_Urban_Concept\" title=\"Nowoczesne rozwi\u0105zania zastosowane w Cupra Urban Concept\">Nowoczesne rozwi\u0105zania zastosowane w Cupra Urban Concept<\/a><\/li><li class='ez-toc-page-1 ez-toc-heading-level-2'><a class=\"ez-toc-link ez-toc-heading-5\" href=\"https:\/\/www.autotesto.pl\/blog\/cupra-urbanrebel-concept-miejski-elektryk-o-buntowniczej-duszy\/#Cupra_UrbanRebel_Concept_%E2%80%93_model_w_ktorym_sportowe_osiagi_gwarantuja_zrownowazony_rozwoj\" title=\"Cupra UrbanRebel Concept \u2013 model, w kt\u00f3rym sportowe osi\u0105gi gwarantuj\u0105 zr\u00f3wnowa\u017cony rozw\u00f3j\">Cupra UrbanRebel Concept \u2013 model, w kt\u00f3rym sportowe osi\u0105gi gwarantuj\u0105 zr\u00f3wnowa\u017cony rozw\u00f3j<\/a><ul class='ez-toc-list-level-3' ><li class='ez-toc-heading-level-3'><a class=\"ez-toc-link ez-toc-heading-6\" href=\"https:\/\/www.autotesto.pl\/blog\/cupra-urbanrebel-concept-miejski-elektryk-o-buntowniczej-duszy\/#Sprawdz_rowniez_inne_ciekawostki_motoryzacyjne_o_samochodach_miejskich\" title=\"Sprawd\u017a r\u00f3wnie\u017c inne ciekawostki motoryzacyjne o samochodach miejskich:\">Sprawd\u017a r\u00f3wnie\u017c inne ciekawostki motoryzacyjne o samochodach miejskich:<\/a><\/li><\/ul><\/li><\/ul><\/nav><\/div>\n\n\n\n\n<h2 class=\"wp-block-heading\"><span class=\"ez-toc-section\" id=\"Cupra_UrbanRebel_Concept_%E2%80%93_miejski_samochod_o_oryginalnym_designie\"><\/span>Cupra UrbanRebel Concept \u2013 miejski samoch\u00f3d o oryginalnym designie<span class=\"ez-toc-section-end\"><\/span><\/h2>\n\n\n\n<p>Specjali\u015bci marki stworzyli ten wyj\u0105tkowy model samochodu z my\u015bl\u0105 o tym, aby uczyni\u0107 elektromobilno\u015b\u0107 bardziej powszechn\u0105. Cupra UrbanRebel Racing Concept to niewielkie auto wystylizowane na pojazd wy\u015bcigowy, kt\u00f3rego design doskonale wpisuje si\u0119 w estetyk\u0119 ery cyfrowej.<\/p>\n\n\n\n<p>Model zosta\u0142 oryginalnie wyprofilowany, posiada ciekawe, tr\u00f3jk\u0105tne reflektory, a zastosowane na jego powierzchni cz\u0105steczki kinetyczne wywo\u0142uj\u0105 wra\u017cenie ruchu. Jest to niew\u0105tpliwe samoch\u00f3d o odwa\u017cnym charakterze, kt\u00f3ry zaskakuje zar\u00f3wno pod wzgl\u0119dem wygl\u0105du, jak i sporych mo\u017cliwo\u015bci.<\/p>\n\n\n\n<h2 class=\"wp-block-heading\"><span class=\"ez-toc-section\" id=\"Cupra_UrbanRebel_Racing_Concept_%E2%80%93_bohater_tegorocznego_Race_of_Champions\"><\/span>Cupra UrbanRebel Racing Concept \u2013 bohater tegorocznego Race of Champions<span class=\"ez-toc-section-end\"><\/span><\/h2>\n\n\n\n<p>Model Cupra Concept przyni\u00f3s\u0142 Norwegii drugie zwyci\u0119stwo z kolei w presti\u017cowym wy\u015bcigu Race of Champions. To auto o buntowniczym charakterze doskonale sprawdzi\u0142o si\u0119 na torze wy\u015bcigowym nie tylko pod wzgl\u0119dem estetyki \u2013 samoch\u00f3d ten stanowi prawdziw\u0105 innowacj\u0119 w \u015bwiecie elektryk\u00f3w.<\/p>\n\n\n\n<p>Pr\u0119dko\u015b\u0107 100 kilometr\u00f3w na godzin\u0119 jeste\u015bmy w stanie uzyska\u0107 ju\u017c po 3,2 sekundy, startuj\u0105c od zera, a w szczytowym momencie obrotowym Cupra UrbanRebel Concept ma wykorzystywa\u0107 a\u017c 320 KM. Te zaskakuj\u0105ce osi\u0105gi s\u0105 wynikiem zastosowania nowoczesnych technologii i innowacyjnych rozwi\u0105za\u0144.<\/p>\n\n\n\n<p>Warto wspomnie\u0107, \u017ce jest to pierwsza Cupra, kt\u00f3r\u0105 zbudowano na platformie MEB Entry, czyli rewolucyjnym rozwi\u0105zaniu technologicznym zaproponowanym przez Grup\u0119 <a href=\"https:\/\/www.autotesto.pl\/blog\/volkswagen-najpopularniejsze-modele\/\">Volkswagen<\/a>.<\/p>\n\n\n\n<h2 class=\"wp-block-heading\"><span class=\"ez-toc-section\" id=\"Co_warto_wiedziec_o_modelu_Cupra_UrbanRebel_Concept\"><\/span>Co warto wiedzie\u0107 o modelu Cupra UrbanRebel Concept?<span class=\"ez-toc-section-end\"><\/span><\/h2>\n\n\n\n<p>Model ten jest niesamowicie ciekaw\u0105 koncepcyjnie propozycj\u0105, zawieraj\u0105c\u0105 w sobie wszystkie cechy charakterystyczne dla marki Cupra \u2013 w nietuzinkowy i kompleksowy spos\u00f3b wyra\u017ca zami\u0142owanie do sportu poprzez wyszukane, oryginalne rozwi\u0105zania. UrbanRebel Racing Concept mo\u017ce si\u0119 pochwali\u0107 niesamowitymi mo\u017cliwo\u015bciami, w tym moc\u0105 ci\u0105g\u0142\u0105 na poziomie 250 KM.<\/p>\n\n\n\n<p>Ten model o przyci\u0105gaj\u0105cym wzrok, opalizuj\u0105cym wyko\u0144czeniu zadebiutowa\u0142 we wrze\u015bniu 2021 roku na targach IAA Mobility w Monachium i od tamtej pory nieustannie ro\u015bnie grono jego zwolennik\u00f3w.<\/p>\n\n\n\n<h2 class=\"wp-block-heading\"><span class=\"ez-toc-section\" id=\"Nowoczesne_rozwiazania_zastosowane_w_Cupra_Urban_Concept\"><\/span>Nowoczesne rozwi\u0105zania zastosowane w Cupra Urban Concept<span class=\"ez-toc-section-end\"><\/span><\/h2>\n\n\n\n<p>Podczas projektowania modelu Cupra Urban Concept zwr\u00f3cono szczeg\u00f3ln\u0105 uwag\u0119 na jego aerodynamik\u0119. W ten spos\u00f3b samoch\u00f3d zyska\u0142 doskona\u0142\u0105 przyczepno\u015b\u0107 i stabilno\u015b\u0107 mimo swoich niewielkich rozmiar\u00f3w. By\u0142o to mo\u017cliwe mi\u0119dzy innymi dzi\u0119ki zastosowaniu wlot\u00f3w powietrza o sporych wymiarach.<\/p>\n\n\n\n<p>Co wi\u0119cej, Cupra UrbanRebel Racing Concept to auto, w kt\u00f3rym zainstalowano 2 silniki \u2013 to w\u0142a\u015bnie one odpowiadaj\u0105 za niewiarygodne osi\u0105gi tego w pe\u0142ni elektrycznego samochodu. Nie bez znaczenia pozostaje ponadto oryginalne podwozie, id\u0105ce w parze z dopracowanym uk\u0142adem kierowniczym \u2013 takie po\u0142\u0105czenie znacz\u0105co wp\u0142ywa na zwi\u0119kszenie komfortu prowadzenia pojazdu i precyzji, z jak\u0105 mo\u017cemy wyznaczy\u0107 kierunek jazdy.<\/p>\n\n\n\n<h2 class=\"wp-block-heading\"><span class=\"ez-toc-section\" id=\"Cupra_UrbanRebel_Concept_%E2%80%93_model_w_ktorym_sportowe_osiagi_gwarantuja_zrownowazony_rozwoj\"><\/span>Cupra UrbanRebel Concept \u2013 model, w kt\u00f3rym sportowe osi\u0105gi gwarantuj\u0105 zr\u00f3wnowa\u017cony rozw\u00f3j<span class=\"ez-toc-section-end\"><\/span><\/h2>\n\n\n\n<p>Model Cupra UrbanRebel Racing Concept ma w za\u0142o\u017ceniu \u0142\u0105czy\u0107 ide\u0119 zr\u00f3wnowa\u017conego rozwoju ze sportowymi osi\u0105gami i trzeba przyzna\u0107, \u017ce \u015bwietnie mu si\u0119 to udaje. Auto jest r\u00f3wnie\u017c promowane jako kluczowy projekt Grupy Volkswagen, kt\u00f3ra postawi\u0142a sobie za cel produkcj\u0119 500 tysi\u0119cy miejskich elektryk\u00f3w rocznie \u2013 tym samym Cupra Urban Concept ma r\u00f3wnie\u017c sprawi\u0107, \u017ce elektromobilno\u015b\u0107 b\u0119dzie szerzej dost\u0119pna i bardziej powszechna.<\/p>\n\n\n\n<p>Ten samoch\u00f3d z pewno\u015bci\u0105 b\u0119dzie przyci\u0105ga\u0142 wzrok na miejskich drogach ze wzgl\u0119du na swoj\u0105 estetyk\u0119, kt\u00f3ra idzie w parze z wymiarami dostosowanymi do potrzeb mieszka\u0144c\u00f3w miast. Mimo, \u017ce d\u0142ugo\u015b\u0107 auta wynosi nieco ponad 4 metry, szeroko\u015b\u0107 prawie 1,8 a wysoko\u015b\u0107 1,4, Cupra Concept zachowuje sportowy wygl\u0105d oraz proporcje.<\/p>\n\n\n\n<h3 class=\"wp-block-heading\"><span class=\"ez-toc-section\" id=\"Sprawdz_rowniez_inne_ciekawostki_motoryzacyjne_o_samochodach_miejskich\"><\/span>Sprawd\u017a r\u00f3wnie\u017c inne ciekawostki motoryzacyjne o samochodach miejskich:<span class=\"ez-toc-section-end\"><\/span><\/h3>\n\n\n\n<p><a href=\"https:\/\/www.autotesto.pl\/blog\/jaki-wybrac-samochod-do-10-tys-zl-ponizej-przedstawiamy-najlepszych-samochodow-miejskich-do-10-tys-zl\/\">Jaki wybra\u0107 samoch\u00f3d do 10 tys. z\u0142? Poni\u017cej przedstawiamy najlepszych samochod\u00f3w miejskich do 10 tys. z\u0142<\/a><\/p>\n\n\n\n<p><a href=\"https:\/\/www.autotesto.pl\/blog\/top5-male-tanie-auto-z-automatem\/\">TOP5: Ma\u0142e tanie auto z automatem<\/a><\/p>\n","protected":false},"excerpt":{"rendered":"<p><span class=\"span-reading-time rt-reading-time\" style=\"display: block;\"><span class=\"rt-label rt-prefix\">Czas czytania artyku\u0142u:<\/span> <span class=\"rt-time\"> 2<\/span> <span class=\"rt-label rt-postfix\">minut<\/span><\/span>W tegorocznej edycji Race of Champions najlepsi kierowcy \u015bwiata zmierzyli si\u0119 w wy\u015bcigu, siedz\u0105c za kierownic\u0105 wyj\u0105tkowego, w pe\u0142ni elektrycznego auta. Cho\u0107 Cupra UrbanRebel Concept trafi do sprzeda\u017cy dopiero w&#8230;<\/p>\n","protected":false},"author":1,"featured_media":3062,"comment_status":"closed","ping_status":"open","sticky":false,"template":"","format":"standard","meta":{"footnotes":""},"categories":[115],"tags":[],"class_list":["post-3061","post","type-post","status-publish","format-standard","has-post-thumbnail","hentry","category-opinie-auta"],"aioseo_notices":[],"_links":{"self":[{"href":"https:\/\/www.autotesto.pl\/blog\/wp-json\/wp\/v2\/posts\/3061","targetHints":{"allow":["GET"]}}],"collection":[{"href":"https:\/\/www.autotesto.pl\/blog\/wp-json\/wp\/v2\/posts"}],"about":[{"href":"https:\/\/www.autotesto.pl\/blog\/wp-json\/wp\/v2\/types\/post"}],"author":[{"embeddable":true,"href":"https:\/\/www.autotesto.pl\/blog\/wp-json\/wp\/v2\/users\/1"}],"replies":[{"embeddable":true,"href":"https:\/\/www.autotesto.pl\/blog\/wp-json\/wp\/v2\/comments?post=3061"}],"version-history":[{"count":3,"href":"https:\/\/www.autotesto.pl\/blog\/wp-json\/wp\/v2\/posts\/3061\/revisions"}],"predecessor-version":[{"id":3076,"href":"https:\/\/www.autotesto.pl\/blog\/wp-json\/wp\/v2\/posts\/3061\/revisions\/3076"}],"wp:featuredmedia":[{"embeddable":true,"href":"https:\/\/www.autotesto.pl\/blog\/wp-json\/wp\/v2\/media\/3062"}],"wp:attachment":[{"href":"https:\/\/www.autotesto.pl\/blog\/wp-json\/wp\/v2\/media?parent=3061"}],"wp:term":[{"taxonomy":"category","embeddable":true,"href":"https:\/\/www.autotesto.pl\/blog\/wp-json\/wp\/v2\/categories?post=3061"},{"taxonomy":"post_tag","embeddable":true,"href":"https:\/\/www.autotesto.pl\/blog\/wp-json\/wp\/v2\/tags?post=3061"}],"curies":[{"name":"wp","href":"https:\/\/api.w.org\/{rel}","templated":true}]}}