{"id":384,"date":"2014-12-30T16:00:03","date_gmt":"2014-12-30T15:00:03","guid":{"rendered":"http:\/\/autotesto.pl\/blog\/?p=384"},"modified":"2023-11-17T10:49:52","modified_gmt":"2023-11-17T09:49:52","slug":"z-zycia-wziete-pazdzierze-z-koncowki-roku","status":"publish","type":"post","link":"https:\/\/www.autotesto.pl\/blog\/z-zycia-wziete-pazdzierze-z-koncowki-roku\/","title":{"rendered":"SAMOCHODY U\u017bYWANE: NIEUCZCIWE OFERTY Z KO\u0143CA ROKU 2014"},"content":{"rendered":"<span class=\"span-reading-time rt-reading-time\" style=\"display: block;\"><span class=\"rt-label rt-prefix\">Czas czytania artyku\u0142u:<\/span> <span class=\"rt-time\"> 4<\/span> <span class=\"rt-label rt-postfix\">minut<\/span><\/span><p><span style=\"color: #000000;\">Pere\u0142ki (oczywi\u015bcie w cudzys\u0142owie) polskiego rynku motoryzacyjnego oraz dzielenie si\u0119 nimi z Wami \u2013 oczywi\u015bcie ku przestrodze \u2013 to jedna z naszych specjalno\u015bci. Pomagaj\u0105c klientom poszukuj\u0105cym samochod\u00f3w u\u017cywanych nierzadko trafiamy na egzemplarze, obok kt\u00f3rych nasi eksperci nie mog\u0105 przej\u015b\u0107 oboj\u0119tnie. Nie trzeba ich nawet kompleksowo sprawdza\u0107 by dostrzec, \u017ce mijaj\u0105 si\u0119 z informacjami podanymi przez Sprzedaj\u0105cego w ofercie. Cho\u0107 z nieuczciwo\u015bci\u0105 walczymy na wszelkie mo\u017cliwe sposoby, rynek wt\u00f3rny nie przestaje nas w tym wypadku szokowa\u0107. Nasi rzeczoznawcy, cho\u0107 maj\u0105 r\u0119ce pe\u0142ne roboty, wybrali dla Was kilka nowych przyk\u0142ad\u00f3w, kt\u00f3re udowadniaj\u0105, \u017ce kupi\u0107 auto u\u017cywane to w Polsce nie sztuka. Wyzwaniem jest kupi\u0107 takie, kt\u00f3re nie b\u0119dzie kolejnym powodem do stres\u00f3w i zmartwie\u0144 je\u015bli chodzi o bezpiecze\u0144stwo i domowy bud\u017cet.<\/span><\/p><div id=\"ez-toc-container\" class=\"ez-toc-v2_0_73 counter-hierarchy ez-toc-counter ez-toc-grey ez-toc-container-direction\">\n<div class=\"ez-toc-title-container\">\n<p class=\"ez-toc-title\" style=\"cursor:inherit\">Z tego artyku\u0142u dowiesz si\u0119:<\/p>\n<span class=\"ez-toc-title-toggle\"><a href=\"#\" class=\"ez-toc-pull-right ez-toc-btn ez-toc-btn-xs ez-toc-btn-default ez-toc-toggle\" aria-label=\"Toggle Table of Content\"><span class=\"ez-toc-js-icon-con\"><span class=\"\"><span class=\"eztoc-hide\" style=\"display:none;\">Toggle<\/span><span class=\"ez-toc-icon-toggle-span\"><svg style=\"fill: #999;color:#999\" xmlns=\"http:\/\/www.w3.org\/2000\/svg\" class=\"list-377408\" width=\"20px\" height=\"20px\" viewBox=\"0 0 24 24\" fill=\"none\"><path d=\"M6 6H4v2h2V6zm14 0H8v2h12V6zM4 11h2v2H4v-2zm16 0H8v2h12v-2zM4 16h2v2H4v-2zm16 0H8v2h12v-2z\" fill=\"currentColor\"><\/path><\/svg><svg style=\"fill: #999;color:#999\" class=\"arrow-unsorted-368013\" xmlns=\"http:\/\/www.w3.org\/2000\/svg\" width=\"10px\" height=\"10px\" viewBox=\"0 0 24 24\" version=\"1.2\" baseProfile=\"tiny\"><path d=\"M18.2 9.3l-6.2-6.3-6.2 6.3c-.2.2-.3.4-.3.7s.1.5.3.7c.2.2.4.3.7.3h11c.3 0 .5-.1.7-.3.2-.2.3-.5.3-.7s-.1-.5-.3-.7zM5.8 14.7l6.2 6.3 6.2-6.3c.2-.2.3-.5.3-.7s-.1-.5-.3-.7c-.2-.2-.4-.3-.7-.3h-11c-.3 0-.5.1-.7.3-.2.2-.3.5-.3.7s.1.5.3.7z\"\/><\/svg><\/span><\/span><\/span><\/a><\/span><\/div>\n<nav><ul class='ez-toc-list ez-toc-list-level-1 ' ><li class='ez-toc-page-1 ez-toc-heading-level-3'><a class=\"ez-toc-link ez-toc-heading-1\" href=\"https:\/\/www.autotesto.pl\/blog\/z-zycia-wziete-pazdzierze-z-koncowki-roku\/#MAZDA_6_%E2%80%93_JAPONSKA_i_ZAWODNA\" title=\"MAZDA 6 \u2013 JAPO\u0143SKA i ZAWODNA?\">MAZDA 6 \u2013 JAPO\u0143SKA i ZAWODNA?<\/a><\/li><li class='ez-toc-page-1 ez-toc-heading-level-3'><a class=\"ez-toc-link ez-toc-heading-2\" href=\"https:\/\/www.autotesto.pl\/blog\/z-zycia-wziete-pazdzierze-z-koncowki-roku\/#PEUGEOT_407_Z_PAKIETEM_KLAMSTW\" title=\"PEUGEOT 407 Z PAKIETEM K\u0141AMSTW\">PEUGEOT 407 Z PAKIETEM K\u0141AMSTW<\/a><\/li><li class='ez-toc-page-1 ez-toc-heading-level-3'><a class=\"ez-toc-link ez-toc-heading-3\" href=\"https:\/\/www.autotesto.pl\/blog\/z-zycia-wziete-pazdzierze-z-koncowki-roku\/#FIAT_BARCHETTA_%E2%80%93_PIEKNY_ALE%E2%80%A6\" title=\"FIAT BARCHETTA \u2013 PI\u0118KNY, ALE&#8230;\">FIAT BARCHETTA \u2013 PI\u0118KNY, ALE&#8230;<\/a><\/li><li class='ez-toc-page-1 ez-toc-heading-level-3'><a class=\"ez-toc-link ez-toc-heading-4\" href=\"https:\/\/www.autotesto.pl\/blog\/z-zycia-wziete-pazdzierze-z-koncowki-roku\/#BMW_Z3_%E2%80%93_KOLEJNE_CABRIO%E2%80%A6\" title=\"BMW Z3 \u2013 KOLEJNE CABRIO&#8230;\">BMW Z3 \u2013 KOLEJNE CABRIO&#8230;<\/a><\/li><\/ul><\/nav><\/div>\n\n<h3><span class=\"ez-toc-section\" id=\"MAZDA_6_%E2%80%93_JAPONSKA_i_ZAWODNA\"><\/span><span style=\"color: #000000;\"><b>MAZDA 6 \u2013 JAPO\u0143SKA i ZAWODNA?<\/b><\/span><span class=\"ez-toc-section-end\"><\/span><\/h3>\n<p><span style=\"color: #000000;\">To co japo\u0144skie powinno by\u0107 niezniszczalne, a przynajmniej je\u015bli wierzy\u0107 stereotypom. Og\u0142oszenie mo\u017ce twierdzi\u0107, \u017ce samoch\u00f3d nie ma \u017cadnych mankament\u00f3w, ale czujne oko rzeczoznawcy Autotesto zawsze ch\u0119tnie ujawni ca\u0142\u0105 prawd\u0119. Tym razem pod lup\u0119 wzi\u0119li\u015bmy Mazd\u0119 6 sprzedawan\u0105 przez handlarza. Egzemplarz mia\u0142 10 lat&#8230; jednak lakier wygl\u0105da\u0142 jak nowy. \u017badnych odprysk\u00f3w, zadrapa\u0144, nic co wskazywa\u0142o by, \u017ce je\u017adzi\u0142 a nie sta\u0142 przez ca\u0142\u0105 dekad\u0119. Pierwsza my\u015bl eksperta to oczywi\u015bcie niedawna wizyta w samochodowej lakierni. Potwierdza\u0142 to r\u00f3wnie\u017c fakt, \u017ce odcienie lakieru nie by\u0142y identyczne na ka\u017cdym z element\u00f3w, a tylne nadkola skrywa\u0142y rdz\u0119. Kolejnym punktem spornym stanu faktycznego z tre\u015bci\u0105 og\u0142oszenia by\u0142 przebieg (153 000 km). Ksi\u0105\u017cki serwisowe teoretycznie go potwierdza\u0142y, jednak przy \u017cadnym wpisie nie by\u0142o piecz\u0105tki stacji, kt\u00f3ra wykona\u0142a przegl\u0105d. Do tego nale\u017cy doliczy\u0107 za\u015bniedzia\u0142y <a href=\"https:\/\/www.autotesto.pl\/blog\/wypalone-zawory-silnikowe-i-wypalone-gniazda-zaworowe\/\">silnik<\/a>, rozszczelniaj\u0105cy si\u0119 uk\u0142ad wydechowy&#8230; albo kto\u015b katowa\u0142 ten egzemplarz, albo szczero\u015b\u0107 komisanta pozostawia wiele do \u017cyczenia. Sprzedaj\u0105cy nie chcia\u0142 odpowiedzie\u0107 na pytania o nie\u015bcis\u0142o\u015bci i wyra\u017anie nie cieszy\u0142 si\u0119 ze znalezionych mankament\u00f3w \u2013 diagnoza Autotesto nie mog\u0142a by\u0107 wi\u0119c inna: SZKODA CZASU I PIENI\u0118DZY!<\/span><\/p>\n<p><a href=\"https:\/\/www.autotesto.pl\/blog\/wp-content\/uploads\/2014\/12\/2014121815425226209800.jpg\"><img loading=\"lazy\" decoding=\"async\" class=\"aligncenter size-large wp-image-387\" src=\"http:\/\/autotesto.pl\/blog\/wp-content\/uploads\/2014\/12\/2014121815425226209800-1200x900.jpg\" alt=\"2014121815425226209800\" width=\"837\" height=\"627\" srcset=\"https:\/\/www.autotesto.pl\/blog\/wp-content\/uploads\/2014\/12\/2014121815425226209800-1200x900.jpg 1200w, https:\/\/www.autotesto.pl\/blog\/wp-content\/uploads\/2014\/12\/2014121815425226209800-300x225.jpg 300w, https:\/\/www.autotesto.pl\/blog\/wp-content\/uploads\/2014\/12\/2014121815425226209800-768x576.jpg 768w, https:\/\/www.autotesto.pl\/blog\/wp-content\/uploads\/2014\/12\/2014121815425226209800-837x628.jpg 837w, https:\/\/www.autotesto.pl\/blog\/wp-content\/uploads\/2014\/12\/2014121815425226209800-667x500.jpg 667w, https:\/\/www.autotesto.pl\/blog\/wp-content\/uploads\/2014\/12\/2014121815425226209800-272x204.jpg 272w, https:\/\/www.autotesto.pl\/blog\/wp-content\/uploads\/2014\/12\/2014121815425226209800-750x563.jpg 750w, https:\/\/www.autotesto.pl\/blog\/wp-content\/uploads\/2014\/12\/2014121815425226209800.jpg 1600w\" sizes=\"auto, (max-width: 837px) 100vw, 837px\" \/><\/a><b><\/b><\/p>\n<h3><\/h3>\n<h3><span class=\"ez-toc-section\" id=\"PEUGEOT_407_Z_PAKIETEM_KLAMSTW\"><\/span><span style=\"color: #000000;\"><b>PEUGEOT 407 Z PAKIETEM K\u0141AMSTW<\/b><\/span><span class=\"ez-toc-section-end\"><\/span><\/h3>\n<p><span style=\"color: #000000;\">Poprzedni przyk\u0142ad wyra\u017anie pokazuje, \u017ce pochodzenie marki samochodu nie musi by\u0107 wyznacznikiem jej niezawodno\u015bci, gdy\u017c o tym czy dany egzemplarz b\u0119dzie sprawny decyduje tak naprawd\u0119 jego u\u017cytkownik. Sprzedaj\u0105cy lubi\u0105 jednak k\u0142amstwa oparte na takich stereotypach lub te\u017c kategorycznie im zaprzeczaj\u0105, jak to ma miejsce w przypadku egzemplarzy francuskich \u2013 ka\u017cdy przecie\u017c wie, \u017ce mog\u0105 one sporo zaoferowa\u0107 swojemu w\u0142a\u015bcicielowi. Ten przyk\u0142adowy egzemplarz liczy\u0142 sobie lata liczone od 2007 roku, w kt\u00f3rym to czasie mia\u0142 przejecha\u0107 jedyne 90 000 km. Ogl\u0119dziny odkry\u0142y natomiast, \u017ce:<\/span><br \/>\n<span style=\"color: #000000;\">&#8211; auto posiada\u0142o na wy\u015bwietlaczu ca\u0142\u0105 mas\u0119 informacji serwisowych, kt\u00f3re nie gas\u0142y,<\/span><br \/>\n<span style=\"color: #000000;\">&#8211; trzeba wymieni\u0107 filtr oleju i powietrza, a ponadto nale\u017ca\u0142o by si\u0119 przyjrze\u0107 filtrowi paliwa,<\/span><br \/>\n<span style=\"color: #000000;\">&#8211; ksi\u0105\u017cka serwisowa jest pusta,<\/span><br \/>\n<span style=\"color: #000000;\">&#8211; brak deklarowanego czujnika deszczu (tak jak i podgrzewania przedniej szyby),<\/span><br \/>\n<span style=\"color: #000000;\">&#8211; ogrzewanie nie dzia\u0142a,<\/span><br \/>\n<span style=\"color: #000000;\">&#8211; samoch\u00f3d nie jest sprowadzony z Niemiec tylko z Francji.<\/span><br \/>\n<span style=\"color: #000000;\">Od razu by\u0142o wida\u0107, \u017ce Sprzedaj\u0105cy chce si\u0119 go jak najszybciej pozby\u0107, a skoro tak nami\u0119tnie mija\u0142 si\u0119 z prawd\u0105 to nawet nie fatygowali\u015bmy si\u0119 z wyja\u015bnianiem nie\u015bcis\u0142o\u015bci (nie \u017ceby by\u0142a to r\u00f3wnie\u017c osoba jako\u015b bardzo rozmowna).<\/span><\/p>\n<p><a href=\"https:\/\/www.autotesto.pl\/blog\/wp-content\/uploads\/2014\/12\/2014121022440025635000.jpg\"><img loading=\"lazy\" decoding=\"async\" class=\"aligncenter size-large wp-image-385\" src=\"http:\/\/autotesto.pl\/blog\/wp-content\/uploads\/2014\/12\/2014121022440025635000-1200x900.jpg\" alt=\"2014121022440025635000\" width=\"837\" height=\"627\" srcset=\"https:\/\/www.autotesto.pl\/blog\/wp-content\/uploads\/2014\/12\/2014121022440025635000-1200x900.jpg 1200w, https:\/\/www.autotesto.pl\/blog\/wp-content\/uploads\/2014\/12\/2014121022440025635000-300x225.jpg 300w, https:\/\/www.autotesto.pl\/blog\/wp-content\/uploads\/2014\/12\/2014121022440025635000-768x576.jpg 768w, https:\/\/www.autotesto.pl\/blog\/wp-content\/uploads\/2014\/12\/2014121022440025635000-837x628.jpg 837w, https:\/\/www.autotesto.pl\/blog\/wp-content\/uploads\/2014\/12\/2014121022440025635000-667x500.jpg 667w, https:\/\/www.autotesto.pl\/blog\/wp-content\/uploads\/2014\/12\/2014121022440025635000-272x204.jpg 272w, https:\/\/www.autotesto.pl\/blog\/wp-content\/uploads\/2014\/12\/2014121022440025635000-750x563.jpg 750w, https:\/\/www.autotesto.pl\/blog\/wp-content\/uploads\/2014\/12\/2014121022440025635000.jpg 1600w\" sizes=\"auto, (max-width: 837px) 100vw, 837px\" \/><\/a><b><\/b><\/p>\n<h3><\/h3>\n<h3><span class=\"ez-toc-section\" id=\"FIAT_BARCHETTA_%E2%80%93_PIEKNY_ALE%E2%80%A6\"><\/span><span style=\"color: #000000;\"><b>FIAT BARCHETTA \u2013 PI\u0118KNY, ALE&#8230;<\/b><\/span><span class=\"ez-toc-section-end\"><\/span><\/h3>\n<p><span style=\"color: #000000;\">Kolejny przyk\u0142ad to idealny na lato Fiat Barchetta, kt\u00f3ry na roz\u0142o\u017cenie dachu b\u0119dzie musia\u0142 jeszcze troch\u0119 poczeka\u0107, gdy\u017c mamy \u015brodek zimy. Wtedy jednak przyjemno\u015b\u0107 z jazdy gwarantowana, a i czas na relaks za kierownic\u0105 si\u0119 znajdzie \u2013 cena atrakcyjna, wi\u0119c kusi, jednak nie z takimi czarami i mamieniem zmys\u0142\u00f3w \u0142adnymi fotografiami nasi rzeczoznawcy dawali ju\u017c sobie rad\u0119 i faktycznie dobrze si\u0119 sta\u0142o, poniewa\u017c uchronili\u015bmy dzi\u0119ki temu naszego klienta przed nietrafionym zakupem. Pierwsze nie\u015bcis\u0142o\u015bci og\u0142oszenia i rzeczywisto\u015bci odkryli\u015bmy w mocy samochodu (131 KM zamiast 130 KM ) oraz roku produkcji (1999 zamiast 1998). Z idealnego stanu deklarowanego w ofercie sprzeda\u017cy zosta\u0142y natomiast gruzy, gdy uda\u0142o si\u0119 nam odkry\u0107:<\/span><br \/>\n<span style=\"color: #000000;\">&#8211; uszkodzon\u0105 tapicerk\u0119 i elementy wn\u0119trza,<\/span><br \/>\n<span style=\"color: #000000;\">&#8211; mocno nadszarpni\u0119te, nie tylko przez czas, lampy i elementy nadwozia,<\/span><br \/>\n<span style=\"color: #000000;\">&#8211; zu\u017cyte uszczelki i brezentowy dach, kt\u00f3ry kwalifikowa\u0142 si\u0119 do pilnej wymiany,<\/span><br \/>\n<span style=\"color: #000000;\">&#8211; brak komputera pok\u0142adowego (w jego miejscu umieszczono niedzia\u0142aj\u0105cy wy\u015bwietlacz temperatury),<\/span><br \/>\n<span style=\"color: #000000;\">&#8211; brak system\u00f3w wspomagania hamowania oraz tych odpowiedzialnych za kontrol\u0119 trakcji.<\/span><br \/>\n<span style=\"color: #000000;\">Im dalej post\u0119powa\u0142y prace na <a style=\"color: #000000;\" href=\"https:\/\/www.autotesto.pl\/jak-sprawdzamy-auta\/\"><u><b>stworzeniem rzetelnego raportu<\/b><\/u><\/a> dla naszego klienta tym bardziej u\u015bwiadamiali\u015bmy sobie, \u017ce komisant nie k\u0142amie&#8230; on po prostu nie m\u00f3wi\u0142 nam wszystkiego (jak np. o braku op\u0142aty recyklingowej po sprowadzeniu tego egzemplarza z Niemiec).<\/span><\/p>\n<p><a href=\"https:\/\/www.autotesto.pl\/blog\/wp-content\/uploads\/2014\/12\/2014122318070041280700.jpg\"><img loading=\"lazy\" decoding=\"async\" class=\"aligncenter size-large wp-image-388\" src=\"http:\/\/autotesto.pl\/blog\/wp-content\/uploads\/2014\/12\/2014122318070041280700-1200x900.jpg\" alt=\"2014122318070041280700\" width=\"837\" height=\"627\" srcset=\"https:\/\/www.autotesto.pl\/blog\/wp-content\/uploads\/2014\/12\/2014122318070041280700-1200x900.jpg 1200w, https:\/\/www.autotesto.pl\/blog\/wp-content\/uploads\/2014\/12\/2014122318070041280700-300x225.jpg 300w, https:\/\/www.autotesto.pl\/blog\/wp-content\/uploads\/2014\/12\/2014122318070041280700-768x576.jpg 768w, https:\/\/www.autotesto.pl\/blog\/wp-content\/uploads\/2014\/12\/2014122318070041280700-837x628.jpg 837w, https:\/\/www.autotesto.pl\/blog\/wp-content\/uploads\/2014\/12\/2014122318070041280700-667x500.jpg 667w, https:\/\/www.autotesto.pl\/blog\/wp-content\/uploads\/2014\/12\/2014122318070041280700-272x204.jpg 272w, https:\/\/www.autotesto.pl\/blog\/wp-content\/uploads\/2014\/12\/2014122318070041280700-750x563.jpg 750w, https:\/\/www.autotesto.pl\/blog\/wp-content\/uploads\/2014\/12\/2014122318070041280700.jpg 1600w\" sizes=\"auto, (max-width: 837px) 100vw, 837px\" \/><\/a><\/p>\n<h3><span class=\"ez-toc-section\" id=\"BMW_Z3_%E2%80%93_KOLEJNE_CABRIO%E2%80%A6\"><\/span><span style=\"color: #000000;\"><b>BMW Z3 \u2013 KOLEJNE CABRIO&#8230;<\/b><\/span><span class=\"ez-toc-section-end\"><\/span><\/h3>\n<p><span style=\"color: #000000;\">Dzisiejsze ma\u0142o chwalebne zastawienie przyk\u0142ad\u00f3w samochod\u00f3w u\u017cywanych, kt\u00f3re trafi\u0142y na rynek wt\u00f3rny, a tym samym pod nasz\u0105 lup\u0119, zamyka kolejny kabriolet. BMW Z3, kt\u00f3ry mamy zamiar w\u0142a\u015bnie przedstawi\u0107, to kolejny przyk\u0142ad na to, \u017ce pech do niedzia\u0142aj\u0105cego dachu sk\u0142adanego wyra\u017anie nie chce opu\u015bci\u0107 naszych rzeczoznawc\u00f3w. Nie jest to jednak jedyny mankament tego egzemplarza z niemieckiej Bawarii, kt\u00f3ry rzuci\u0142 si\u0119 nam w oczy, gdy\u017c poza tym uda\u0142o si\u0119 nam odkry\u0107:<\/span><br \/>\n<span style=\"color: #000000;\">&#8211; nie\u015bcis\u0142o\u015bci w dacie pierwszej rejestracji (wed\u0142ug komisanta chodzi\u0142o o stycze\u0144 1997, podczas gdy dany egzemplarz zjecha\u0142 z ta\u015bmy 17 lutego tego samego roku),<\/span><br \/>\n<span style=\"color: #000000;\">&#8211; gruba warstw\u0119 szpachli niemal na ka\u017cdym elemencie nadwozia,<\/span><br \/>\n<span style=\"color: #000000;\">&#8211; zaniedbany kokpit samochodu oraz bardzo zniszczony fotel pasa\u017cera,<\/span><br \/>\n<span style=\"color: #000000;\">&#8211; wyciek oleju z silnika,<\/span><br \/>\n<span style=\"color: #000000;\">&#8211; liczne b\u0142\u0119dy wy\u015bwietlane przez komputer pok\u0142adowy.<\/span><br \/>\n<span style=\"color: #000000;\">Sprzedaj\u0105cy mia\u0142 na wszystko dobre wyt\u0142umaczenie &#8211; \u201elepiej kupi\u0107 troch\u0119 zniszczony i naprawia\u0107 samemu ni\u017c zap\u0142aci\u0107 wi\u0119cej za sprawny\u201d. Naprawd\u0119 \u017cal nam ka\u017cdego, kto nie przyk\u0142ada si\u0119 do <a style=\"color: #000000;\" href=\"https:\/\/www.autotesto.pl\/raport-przykladowy\/\"><u><b>kompleksowego sprawdzenia auta przed zakupem<\/b><\/u><\/a>, gdy\u017c trafi\u0107 na taki egzemplarz i handlarza to prawdziwy horror (nie m\u00f3wi\u0105c ju\u017c o nieprzewidywalno\u015bci konstrukcji pojazdu w razie wypadku, a tym samym bezpiecze\u0144stwie podr\u00f3\u017cuj\u0105cych nim os\u00f3b).<\/span><\/p>\n<p><a href=\"https:\/\/www.autotesto.pl\/blog\/wp-content\/uploads\/2014\/12\/2014121620473025700000.jpg\"><img loading=\"lazy\" decoding=\"async\" class=\"aligncenter size-large wp-image-386\" src=\"http:\/\/autotesto.pl\/blog\/wp-content\/uploads\/2014\/12\/2014121620473025700000-1200x900.jpg\" alt=\"2014121620473025700000\" width=\"837\" height=\"627\" srcset=\"https:\/\/www.autotesto.pl\/blog\/wp-content\/uploads\/2014\/12\/2014121620473025700000-1200x900.jpg 1200w, https:\/\/www.autotesto.pl\/blog\/wp-content\/uploads\/2014\/12\/2014121620473025700000-300x225.jpg 300w, https:\/\/www.autotesto.pl\/blog\/wp-content\/uploads\/2014\/12\/2014121620473025700000-768x576.jpg 768w, https:\/\/www.autotesto.pl\/blog\/wp-content\/uploads\/2014\/12\/2014121620473025700000-837x628.jpg 837w, https:\/\/www.autotesto.pl\/blog\/wp-content\/uploads\/2014\/12\/2014121620473025700000-667x500.jpg 667w, https:\/\/www.autotesto.pl\/blog\/wp-content\/uploads\/2014\/12\/2014121620473025700000-272x204.jpg 272w, https:\/\/www.autotesto.pl\/blog\/wp-content\/uploads\/2014\/12\/2014121620473025700000-750x563.jpg 750w, https:\/\/www.autotesto.pl\/blog\/wp-content\/uploads\/2014\/12\/2014121620473025700000.jpg 1600w\" sizes=\"auto, (max-width: 837px) 100vw, 837px\" \/><\/a><\/p>\n<p><span class=\"s1\">\u00a0<\/span><\/p>\n","protected":false},"excerpt":{"rendered":"<p><span class=\"span-reading-time rt-reading-time\" style=\"display: block;\"><span class=\"rt-label rt-prefix\">Czas czytania artyku\u0142u:<\/span> <span class=\"rt-time\"> 4<\/span> <span class=\"rt-label rt-postfix\">minut<\/span><\/span>Pere\u0142ki (oczywi\u015bcie w cudzys\u0142owie) polskiego rynku motoryzacyjnego oraz dzielenie si\u0119 nimi z Wami \u2013 oczywi\u015bcie ku przestrodze \u2013 to jedna z naszych specjalno\u015bci. Pomagaj\u0105c klientom poszukuj\u0105cym samochod\u00f3w u\u017cywanych nierzadko trafiamy&#8230;<\/p>\n","protected":false},"author":2,"featured_media":386,"comment_status":"open","ping_status":"open","sticky":false,"template":"","format":"standard","meta":{"footnotes":""},"categories":[5],"tags":[],"class_list":["post-384","post","type-post","status-publish","format-standard","has-post-thumbnail","hentry","category-mocna-historia"],"aioseo_notices":[],"_links":{"self":[{"href":"https:\/\/www.autotesto.pl\/blog\/wp-json\/wp\/v2\/posts\/384","targetHints":{"allow":["GET"]}}],"collection":[{"href":"https:\/\/www.autotesto.pl\/blog\/wp-json\/wp\/v2\/posts"}],"about":[{"href":"https:\/\/www.autotesto.pl\/blog\/wp-json\/wp\/v2\/types\/post"}],"author":[{"embeddable":true,"href":"https:\/\/www.autotesto.pl\/blog\/wp-json\/wp\/v2\/users\/2"}],"replies":[{"embeddable":true,"href":"https:\/\/www.autotesto.pl\/blog\/wp-json\/wp\/v2\/comments?post=384"}],"version-history":[{"count":1,"href":"https:\/\/www.autotesto.pl\/blog\/wp-json\/wp\/v2\/posts\/384\/revisions"}],"predecessor-version":[{"id":3188,"href":"https:\/\/www.autotesto.pl\/blog\/wp-json\/wp\/v2\/posts\/384\/revisions\/3188"}],"wp:featuredmedia":[{"embeddable":true,"href":"https:\/\/www.autotesto.pl\/blog\/wp-json\/wp\/v2\/media\/386"}],"wp:attachment":[{"href":"https:\/\/www.autotesto.pl\/blog\/wp-json\/wp\/v2\/media?parent=384"}],"wp:term":[{"taxonomy":"category","embeddable":true,"href":"https:\/\/www.autotesto.pl\/blog\/wp-json\/wp\/v2\/categories?post=384"},{"taxonomy":"post_tag","embeddable":true,"href":"https:\/\/www.autotesto.pl\/blog\/wp-json\/wp\/v2\/tags?post=384"}],"curies":[{"name":"wp","href":"https:\/\/api.w.org\/{rel}","templated":true}]}}