{"id":486,"date":"2015-07-24T11:27:16","date_gmt":"2015-07-24T09:27:16","guid":{"rendered":"http:\/\/autotesto.pl\/blog\/?p=486"},"modified":"2015-07-24T11:27:16","modified_gmt":"2015-07-24T09:27:16","slug":"tydzien-samochodu-uzywanego","status":"publish","type":"post","link":"https:\/\/www.autotesto.pl\/blog\/tydzien-samochodu-uzywanego\/","title":{"rendered":"Tydzie\u0144 Samochodu U\u017cywanego"},"content":{"rendered":"<span class=\"span-reading-time rt-reading-time\" style=\"display: block;\"><span class=\"rt-label rt-prefix\">Czas czytania artyku\u0142u:<\/span> <span class=\"rt-time\"> 3<\/span> <span class=\"rt-label rt-postfix\">minut<\/span><\/span><p>&nbsp;<\/p><div id=\"ez-toc-container\" class=\"ez-toc-v2_0_73 counter-hierarchy ez-toc-counter ez-toc-grey ez-toc-container-direction\">\n<div class=\"ez-toc-title-container\">\n<p class=\"ez-toc-title\" style=\"cursor:inherit\">Z tego artyku\u0142u dowiesz si\u0119:<\/p>\n<span class=\"ez-toc-title-toggle\"><a href=\"#\" class=\"ez-toc-pull-right ez-toc-btn ez-toc-btn-xs ez-toc-btn-default ez-toc-toggle\" aria-label=\"Toggle Table of Content\"><span class=\"ez-toc-js-icon-con\"><span class=\"\"><span class=\"eztoc-hide\" style=\"display:none;\">Toggle<\/span><span class=\"ez-toc-icon-toggle-span\"><svg style=\"fill: #999;color:#999\" xmlns=\"http:\/\/www.w3.org\/2000\/svg\" class=\"list-377408\" width=\"20px\" height=\"20px\" viewBox=\"0 0 24 24\" fill=\"none\"><path d=\"M6 6H4v2h2V6zm14 0H8v2h12V6zM4 11h2v2H4v-2zm16 0H8v2h12v-2zM4 16h2v2H4v-2zm16 0H8v2h12v-2z\" fill=\"currentColor\"><\/path><\/svg><svg style=\"fill: #999;color:#999\" class=\"arrow-unsorted-368013\" xmlns=\"http:\/\/www.w3.org\/2000\/svg\" width=\"10px\" height=\"10px\" viewBox=\"0 0 24 24\" version=\"1.2\" baseProfile=\"tiny\"><path d=\"M18.2 9.3l-6.2-6.3-6.2 6.3c-.2.2-.3.4-.3.7s.1.5.3.7c.2.2.4.3.7.3h11c.3 0 .5-.1.7-.3.2-.2.3-.5.3-.7s-.1-.5-.3-.7zM5.8 14.7l6.2 6.3 6.2-6.3c.2-.2.3-.5.3-.7s-.1-.5-.3-.7c-.2-.2-.4-.3-.7-.3h-11c-.3 0-.5.1-.7.3-.2.2-.3.5-.3.7s.1.5.3.7z\"\/><\/svg><\/span><\/span><\/span><\/a><\/span><\/div>\n<nav><ul class='ez-toc-list ez-toc-list-level-1 ' ><li class='ez-toc-page-1 ez-toc-heading-level-3'><a class=\"ez-toc-link ez-toc-heading-1\" href=\"https:\/\/www.autotesto.pl\/blog\/tydzien-samochodu-uzywanego\/#Poradniki\" title=\"Poradniki\">Poradniki<\/a><\/li><li class='ez-toc-page-1 ez-toc-heading-level-3'><a class=\"ez-toc-link ez-toc-heading-2\" href=\"https:\/\/www.autotesto.pl\/blog\/tydzien-samochodu-uzywanego\/#Co_w_ramach_kampanii\" title=\"Co w ramach kampanii?\">Co w ramach kampanii?<\/a><\/li><li class='ez-toc-page-1 ez-toc-heading-level-3'><a class=\"ez-toc-link ez-toc-heading-3\" href=\"https:\/\/www.autotesto.pl\/blog\/tydzien-samochodu-uzywanego\/#Zostan_naszym_partnerem_kampanii\" title=\"Zosta\u0144 naszym partnerem kampanii\">Zosta\u0144 naszym partnerem kampanii<\/a><\/li><li class='ez-toc-page-1 ez-toc-heading-level-3'><a class=\"ez-toc-link ez-toc-heading-4\" href=\"https:\/\/www.autotesto.pl\/blog\/tydzien-samochodu-uzywanego\/#Jak_podzielic_sie_nasza_inicjatywa_z_innymi\" title=\"Jak podzieli\u0107 si\u0119 nasz\u0105 inicjatyw\u0105 z innymi?\">Jak podzieli\u0107 si\u0119 nasz\u0105 inicjatyw\u0105 z innymi?<\/a><\/li><\/ul><\/nav><\/div>\n\n<p>W ramach pierwszej, og\u00f3lnopolskiej kampanii maj\u0105cej na celu edukacj\u0119 spo\u0142ecze\u0144stwa z zakresu wiedzy o nabywaniu pojazd\u00f3w z rynku wt\u00f3rnego oraz praw Kupuj\u0105cego i roszcze\u0144, kt\u00f3re mo\u017ce on wnie\u015b\u0107 w przypadku nieuczciwo\u015bci Sprzedaj\u0105cego, og\u0142aszamy niniejszym Tydzie\u0144 Samochodu U\u017cywanego. To nie przypadek, \u017ce za dat\u0119 rozpocz\u0119cia wybrali\u015bmy dzie\u0144 25 lipca 2015 roku, gdy\u017c jest to Dzie\u0144 Kierowcy \u2013 od teraz b\u0119dziemy obchodzi\u0107 to \u015bwi\u0119to wsp\u00f3lnie z wami i cyklicznie przypomina\u0107 o najwa\u017cniejszych sprawach zwi\u0105zanych z kupnem aut z drugiej r\u0119ki. Inicjatywa ta powsta\u0142a we wsp\u00f3\u0142pracy Autotesto.pl, Autoprawo.pl oraz Fundacji Autotesto.<\/p>\n<h3><span class=\"ez-toc-section\" id=\"Poradniki\"><\/span>\n<b>Poradniki<\/b><span class=\"ez-toc-section-end\"><\/span><\/h3>\n<p>Chc\u0105c przekaza\u0107 wam jak najwi\u0119cej informacji w zwi\u0105zku z tematem kupna samochod\u00f3w u\u017cywanych, przygotowali\u015bmy dwa poradniki, kt\u00f3re w kolejnych latach b\u0119dziemy rozwija\u0107 w taki spos\u00f3b, by ka\u017cdy m\u00f3g\u0142 znale\u017a\u0107 w nich adekwatne dla siebie informacje.<\/p>\n<p>&nbsp;<\/p>\n<p style=\"text-align: justify;\"><a style=\"box-sizing: border-box; color: #777777; text-decoration: none; border: 0px; font-family: inherit; font-style: inherit; font-weight: inherit; margin: 0px; outline: 0px; padding: 0px; vertical-align: baseline; transition: all 0.3s ease; background: transparent;\" href=\"http:\/\/autoprawo.pl\/wp-content\/uploads\/2015\/07\/Poradnik_Prawne-ABC-przed-kupnem-pojazdu.pdf\" target=\"_blank\" rel=\"noopener noreferrer\"><img decoding=\"async\" class=\"alignleft wp-image-375\" style=\"border: 0px; box-sizing: border-box; display: inline; float: left; height: auto; margin-right: 1.5em; max-width: 100%; vertical-align: middle; width: 126px;\" src=\"http:\/\/autoprawo.pl\/wp-content\/uploads\/2015\/07\/prawne-abc_min.jpg\" alt=\"prawne abc_min\" \/><\/a> <\/p>\n<style type=\"text\/css\">\n\t<!--\n\t\t@page { size: 21cm 29.7cm; margin: 2cm }\n\t\tP { margin-bottom: 0.21cm }\n\t\tA:link { color: #000080; so-language: zxx; text-decoration: underline }\n\t-->\n\t<\/style>\n<\/p>\n<p><a href=\"http:\/\/autoprawo.pl\/wp-content\/uploads\/2015\/07\/Poradnik_Prawne-ABC-przed-kupnem-pojazdu.pdf\" target=\"_blank\" rel=\"noopener noreferrer\"><span style=\"color: #000000;\"><span style=\"font-family: Times New Roman,serif;\"><u>Prawne ABC przed kupnem pojazdu<\/u><\/span><\/span><\/a><span style=\"color: #000000;\"><span style=\"font-family: Times New Roman,serif;\"> \u2013 ostrzega przed najpopularniejszymi formami nieuczciwo\u015bci oraz pomaga zabezpieczy\u0107 si\u0119 przed ich ewentualnymi konsekwencjami. Wszystko to w przyst\u0119pnej formie, z om\u00f3wieniem przepis\u00f3w prawa oraz wzorami um\u00f3w i odpowiedziami na najcz\u0119\u015bciej pojawiaj\u0105ce si\u0119 pytania.<\/span><\/span><\/p>\n<p>&nbsp;<\/p>\n<p>&nbsp;<\/p>\n<p>&nbsp;<\/p>\n<p>&nbsp;<\/p>\n<p style=\"text-align: justify;\"><a style=\"box-sizing: border-box; color: #777777; text-decoration: none; border: 0px; font-family: inherit; font-style: inherit; font-weight: inherit; margin: 0px; outline: 0px; padding: 0px; vertical-align: baseline; transition: all 0.3s ease; background: transparent;\" href=\"http:\/\/autoprawo.pl\/wp-content\/uploads\/2015\/07\/Poradnik_Pierwsze-kroki-po-kupnie-samochodu-z-wadami.pdf\" target=\"_blank\" rel=\"noopener noreferrer\"><img decoding=\"async\" class=\"alignleft wp-image-377\" style=\"border: 0px; box-sizing: border-box; display: inline; float: left; height: auto; margin-right: 1.5em; max-width: 100%; vertical-align: middle; width: 126px;\" src=\"http:\/\/autoprawo.pl\/wp-content\/uploads\/2015\/07\/pierwsze-kroki_min.jpg\" alt=\"pierwsze kroki_min\" \/><\/a> <\/p>\n<style type=\"text\/css\">\n\t<!--\n\t\t@page { size: 21cm 29.7cm; margin: 2cm }\n\t\tP { margin-bottom: 0.21cm }\n\t\tA:link { color: #000080; so-language: zxx; text-decoration: underline }\n\t-->\n\t<\/style>\n<\/p>\n<p><a href=\"http:\/\/autoprawo.pl\/wp-content\/uploads\/2015\/07\/Poradnik_Pierwsze-kroki-po-kupnie-samochodu-z-wadami.pdf\" target=\"_blank\" rel=\"noopener noreferrer\"><span style=\"color: #000000;\"><span style=\"font-family: Times New Roman,serif;\"><u>Pierwsze kroki po kupnie samochodu z wadami<\/u><\/span><\/span><\/a><span style=\"color: #000000;\"><span style=\"font-family: Times New Roman,serif;\"> \u2013 kupi\u0142e\u015b samoch\u00f3d u\u017cywany i okaza\u0142o si\u0119 \u017ce posiada ukryte wady? Nie wiesz co zrobi\u0107? Chcia\u0142by\u015b dochodzi\u0107 swoich racji? W tym poradniku wyja\u015bnimy ci co mo\u017cesz zrobi\u0107, odpowiadamy na najcz\u0119stsza pytania oraz przybli\u017camy przepisy i wzory um\u00f3w, kt\u00f3re zabezpiecz\u0105 ci\u0119 przed skutkami oszustwa.<\/span><\/span><\/p>\n<p>&nbsp;<\/p>\n<p>&nbsp;<\/p>\n<p>&nbsp;<\/p>\n<h3><span class=\"ez-toc-section\" id=\"Co_w_ramach_kampanii\"><\/span><b>Co w ramach kampanii?<\/b><span class=\"ez-toc-section-end\"><\/span><\/h3>\n<p>Poradniki, kt\u00f3re przygotowali\u015bmy to nie jedyna forma wsparcia dla was. Opr\u00f3cz tego mo\u017cecie liczy\u0107 w tym wa\u017cnym dla nas wszystkich tygodniu na codziennie publikowane artyku\u0142y z wa\u017cnymi informacjami i poradami oraz bezp\u0142atne porady prawne. Wszystko to w powi\u0105zaniu z tematyk\u0105 motoryzacyjn\u0105 oraz problemami polskiego rynku samochod\u00f3w u\u017cywanych da wam narz\u0119dzia do podj\u0119cia lepszych i bardziej przemy\u015blanych decyzji. W celu porad prawnych mo\u017cecie kontaktowa\u0107 si\u0119 z nami telefonicznie, mailowo lub przez nasze konto na Facebooku. T\u0105 drog\u0105 mo\u017cecie r\u00f3wnie\u017c zasugerowa\u0107 nam tematyk\u0119 artyku\u0142\u00f3w, kt\u00f3re mog\u0142y by da\u0107 wam warto\u015bciowe informacje zwi\u0105zane z handlem samochodami na rynku wt\u00f3rnym<\/p>\n<h3><span class=\"ez-toc-section\" id=\"Zostan_naszym_partnerem_kampanii\"><\/span>\n<b>Zosta\u0144 naszym partnerem kampanii<\/b><span class=\"ez-toc-section-end\"><\/span><\/h3>\n<p align=\"LEFT\">Organizuj\u0105c Tydzie\u0144 Samochodu u\u017cywanego pragniemy dotrze\u0107 z nasz\u0105 wiedz\u0105 do jak najszerszego grona odbiorc\u00f3w, kt\u00f3rzy mogli by by\u0107 potencjalnie zainteresowani poruszanymi przez nas zagadnieniami. Z tego wzgl\u0119du zapraszamy do wsp\u00f3\u0142pracy ka\u017cdego z was. Udost\u0119pniaj\u0105c informacje o naszej inicjatywie na stronie internetowej, w mediach spo\u0142eczno\u015bciowych lub wybieraj\u0105c jakikolwiek innych spos\u00f3b lub kana\u0142 podmiot wspieraj\u0105cy zostanie wpisany jako pe\u0142noprawny partner akcji, a jego nazwa zostanie wypisana w naszych poradnikach. Op\u00f3\u017anienie z potwierdzeniem wsparcia r\u00f3wnie\u017c zostanie przez nas zaakceptowane, ale informacja o nich zostanie przeniesiona do drugiego wydania poradnik\u00f3w \u2013 wydanie to trafi p\u00f3\u017aniej do instytucji pa\u0144stwowych i organizacji pozarz\u0105dowych. Zach\u0119camy was r\u00f3wnie\u017c do przekazania informacji o naszym wsp\u00f3lnym projekcie do medi\u00f3w i portali lokalnych \u2013 ch\u0119tnie po\u015bwiadczymy wasz wsp\u00f3\u0142udzia\u0142 oraz udzielimy wszelkich informacji dodatkowych na ten temat. <b><\/b><\/p>\n<h3 align=\"LEFT\"><span class=\"ez-toc-section\" id=\"Jak_podzielic_sie_nasza_inicjatywa_z_innymi\"><\/span><b><br \/>\nJak podzieli\u0107 si\u0119 nasz\u0105 inicjatyw\u0105 z innymi?<\/b><span class=\"ez-toc-section-end\"><\/span><\/h3>\n<p align=\"LEFT\">Informacj\u0119 o kampanii mo\u017cecie przygotowa\u0107 na kilka sposob\u00f3w:<\/p>\n<p>\u2013 udost\u0119pniaj\u0105c post z bannerem kampanii opublikowany na facebookowym profilu Tygodnia Samochodu U\u017cywanego,<\/p>\n<p>\u2013 wstawiaj\u0105c na w\u0142asnej stronie internetowej jeden z banner\u00f3w: <a href=\"http:\/\/autoprawo.pl\/wp-content\/uploads\/2015\/07\/TSU_banner2.jpg\" target=\"_blank\" rel=\"noopener noreferrer\"><span style=\"color: #000000;\"><span style=\"font-family: Times New Roman,serif;\"><u>Banner 1 (510 x 510)<\/u><\/span><\/span><\/a><span style=\"color: #000000;\"><span style=\"font-family: Times New Roman,serif;\">,<\/span><\/span><u> <\/u><a href=\"http:\/\/autoprawo.pl\/wp-content\/uploads\/2015\/07\/TSU_banner_fb2.jpg\" target=\"_blank\" rel=\"noopener noreferrer\"><span style=\"color: #000000;\"><span style=\"font-family: Times New Roman,serif;\"><u>Banner 2 (800 x 300)<\/u><\/span><\/span><\/a><span style=\"color: #000000;\"><span style=\"font-family: Times New Roman,serif;\">, <\/span><\/span><\/p>\n<p>\u2013 udost\u0119pniaj\u0105c na w\u0142asnej stronie internetowej link do tej strony lub do profilu Tygodnia Samochodu U\u017cywanego,<\/p>\n<p>\u2013 publikuj\u0105c dowolny artyku\u0142u z zak\u0142adki blog na w\u0142asnej stronie internetowej z podaniem \u017ar\u00f3d\u0142a (autor wyra\u017ca zgod\u0119 na publikacj\u0119 i skracanie artyku\u0142\u00f3w pod warunkiem podania \u017ar\u00f3d\u0142a).<\/p>\n<p>&nbsp;<\/p>\n","protected":false},"excerpt":{"rendered":"<p><span class=\"span-reading-time rt-reading-time\" style=\"display: block;\"><span class=\"rt-label rt-prefix\">Czas czytania artyku\u0142u:<\/span> <span class=\"rt-time\"> 3<\/span> <span class=\"rt-label rt-postfix\">minut<\/span><\/span>&nbsp; W ramach pierwszej, og\u00f3lnopolskiej kampanii maj\u0105cej na celu edukacj\u0119 spo\u0142ecze\u0144stwa z zakresu wiedzy o nabywaniu pojazd\u00f3w z rynku wt\u00f3rnego oraz praw Kupuj\u0105cego i roszcze\u0144, kt\u00f3re mo\u017ce on wnie\u015b\u0107 w&#8230;<\/p>\n","protected":false},"author":2,"featured_media":0,"comment_status":"open","ping_status":"open","sticky":false,"template":"","format":"standard","meta":{"footnotes":""},"categories":[6,8],"tags":[],"class_list":["post-486","post","type-post","status-publish","format-standard","hentry","category-moto-lifestyle","category-raport-autotesto"],"aioseo_notices":[],"_links":{"self":[{"href":"https:\/\/www.autotesto.pl\/blog\/wp-json\/wp\/v2\/posts\/486","targetHints":{"allow":["GET"]}}],"collection":[{"href":"https:\/\/www.autotesto.pl\/blog\/wp-json\/wp\/v2\/posts"}],"about":[{"href":"https:\/\/www.autotesto.pl\/blog\/wp-json\/wp\/v2\/types\/post"}],"author":[{"embeddable":true,"href":"https:\/\/www.autotesto.pl\/blog\/wp-json\/wp\/v2\/users\/2"}],"replies":[{"embeddable":true,"href":"https:\/\/www.autotesto.pl\/blog\/wp-json\/wp\/v2\/comments?post=486"}],"version-history":[{"count":0,"href":"https:\/\/www.autotesto.pl\/blog\/wp-json\/wp\/v2\/posts\/486\/revisions"}],"wp:attachment":[{"href":"https:\/\/www.autotesto.pl\/blog\/wp-json\/wp\/v2\/media?parent=486"}],"wp:term":[{"taxonomy":"category","embeddable":true,"href":"https:\/\/www.autotesto.pl\/blog\/wp-json\/wp\/v2\/categories?post=486"},{"taxonomy":"post_tag","embeddable":true,"href":"https:\/\/www.autotesto.pl\/blog\/wp-json\/wp\/v2\/tags?post=486"}],"curies":[{"name":"wp","href":"https:\/\/api.w.org\/{rel}","templated":true}]}}