{"id":631,"date":"2016-12-21T09:12:24","date_gmt":"2016-12-21T08:12:24","guid":{"rendered":"http:\/\/autotesto.pl\/blog\/?p=631"},"modified":"2016-12-21T09:12:24","modified_gmt":"2016-12-21T08:12:24","slug":"nowy-rok-nowe-prawa-swiezy-taryfikator-punktow-karnych-2017","status":"publish","type":"post","link":"https:\/\/www.autotesto.pl\/blog\/nowy-rok-nowe-prawa-swiezy-taryfikator-punktow-karnych-2017\/","title":{"rendered":"Nowy rok \u2013 nowe prawa. Taryfikator punkt\u00f3w karnych 2017"},"content":{"rendered":"<span class=\"span-reading-time rt-reading-time\" style=\"display: block;\"><span class=\"rt-label rt-prefix\">Czas czytania artyku\u0142u:<\/span> <span class=\"rt-time\"> 3<\/span> <span class=\"rt-label rt-postfix\">minut<\/span><\/span><p>&nbsp;<\/p><div id=\"ez-toc-container\" class=\"ez-toc-v2_0_73 counter-hierarchy ez-toc-counter ez-toc-grey ez-toc-container-direction\">\n<div class=\"ez-toc-title-container\">\n<p class=\"ez-toc-title\" style=\"cursor:inherit\">Z tego artyku\u0142u dowiesz si\u0119:<\/p>\n<span class=\"ez-toc-title-toggle\"><a href=\"#\" class=\"ez-toc-pull-right ez-toc-btn ez-toc-btn-xs ez-toc-btn-default ez-toc-toggle\" aria-label=\"Toggle Table of Content\"><span class=\"ez-toc-js-icon-con\"><span class=\"\"><span class=\"eztoc-hide\" style=\"display:none;\">Toggle<\/span><span class=\"ez-toc-icon-toggle-span\"><svg style=\"fill: #999;color:#999\" xmlns=\"http:\/\/www.w3.org\/2000\/svg\" class=\"list-377408\" width=\"20px\" height=\"20px\" viewBox=\"0 0 24 24\" fill=\"none\"><path d=\"M6 6H4v2h2V6zm14 0H8v2h12V6zM4 11h2v2H4v-2zm16 0H8v2h12v-2zM4 16h2v2H4v-2zm16 0H8v2h12v-2z\" fill=\"currentColor\"><\/path><\/svg><svg style=\"fill: #999;color:#999\" class=\"arrow-unsorted-368013\" xmlns=\"http:\/\/www.w3.org\/2000\/svg\" width=\"10px\" height=\"10px\" viewBox=\"0 0 24 24\" version=\"1.2\" baseProfile=\"tiny\"><path d=\"M18.2 9.3l-6.2-6.3-6.2 6.3c-.2.2-.3.4-.3.7s.1.5.3.7c.2.2.4.3.7.3h11c.3 0 .5-.1.7-.3.2-.2.3-.5.3-.7s-.1-.5-.3-.7zM5.8 14.7l6.2 6.3 6.2-6.3c.2-.2.3-.5.3-.7s-.1-.5-.3-.7c-.2-.2-.4-.3-.7-.3h-11c-.3 0-.5.1-.7.3-.2.2-.3.5-.3.7s.1.5.3.7z\"\/><\/svg><\/span><\/span><\/span><\/a><\/span><\/div>\n<nav><ul class='ez-toc-list ez-toc-list-level-1 ' ><li class='ez-toc-page-1 ez-toc-heading-level-3'><a class=\"ez-toc-link ez-toc-heading-1\" href=\"https:\/\/www.autotesto.pl\/blog\/nowy-rok-nowe-prawa-swiezy-taryfikator-punktow-karnych-2017\/#Podstawy_prawa_drogowego_%E2%80%93_mandaty_i_punkty\" title=\"Podstawy prawa drogowego \u2013 mandaty i punkty\">Podstawy prawa drogowego \u2013 mandaty i punkty<\/a><\/li><li class='ez-toc-page-1 ez-toc-heading-level-3'><a class=\"ez-toc-link ez-toc-heading-2\" href=\"https:\/\/www.autotesto.pl\/blog\/nowy-rok-nowe-prawa-swiezy-taryfikator-punktow-karnych-2017\/#Zaostrzenie_przepisow_ma_wymiar_dyscyplinujacy\" title=\"Zaostrzenie przepis\u00f3w ma wymiar dyscyplinuj\u0105cy\">Zaostrzenie przepis\u00f3w ma wymiar dyscyplinuj\u0105cy<\/a><\/li><li class='ez-toc-page-1 ez-toc-heading-level-3'><a class=\"ez-toc-link ez-toc-heading-3\" href=\"https:\/\/www.autotesto.pl\/blog\/nowy-rok-nowe-prawa-swiezy-taryfikator-punktow-karnych-2017\/#Na_co_polozono_nacisk_przy_zmianie_taryfikatora_na_2017_rok\" title=\"Na co po\u0142o\u017cono nacisk przy zmianie taryfikatora na 2017 rok?\">Na co po\u0142o\u017cono nacisk przy zmianie taryfikatora na 2017 rok?<\/a><\/li><li class='ez-toc-page-1 ez-toc-heading-level-3'><a class=\"ez-toc-link ez-toc-heading-4\" href=\"https:\/\/www.autotesto.pl\/blog\/nowy-rok-nowe-prawa-swiezy-taryfikator-punktow-karnych-2017\/#Nowy_taryfikator\" title=\"Nowy taryfikator\">Nowy taryfikator<\/a><\/li><li class='ez-toc-page-1 ez-toc-heading-level-3'><a class=\"ez-toc-link ez-toc-heading-5\" href=\"https:\/\/www.autotesto.pl\/blog\/nowy-rok-nowe-prawa-swiezy-taryfikator-punktow-karnych-2017\/#Co_jeszcze_trzeba_poprawic\" title=\"Co jeszcze trzeba poprawi\u0107?\">Co jeszcze trzeba poprawi\u0107?<\/a><\/li><\/ul><\/nav><\/div>\n\n<p>W powietrzy czujemy ju\u017c w zasadzie zapach i atmosfer\u0105 \u015bwi\u0105t Bo\u017cego Narodzenia, a nied\u0142ugo p\u00f3\u017aniej trzeba b\u0119dzie po\u017cegna\u0107 stary rok. Weszli\u015bmy w\u0142a\u015bnie w czas, gdy na drogach notuje si\u0119 wi\u0119ksze zag\u0119szczenie pojazd\u00f3w, a policja ma pe\u0142ne r\u0119ce roboty w uwagi na rozpr\u0119\u017cenie obyczaj\u00f3w i zdrowego rozs\u0105dku na skutek jednych z najmilszych dni w roku. Na pewno nie raz spotkamy si\u0119 tu zatem z przedstawieniem podsumowania statystyk drogowych oraz tych dotycz\u0105cych mandat\u00f3w i punkt\u00f3w karnych na\u0142o\u017conych w tym okresie na kierowc\u00f3w. Od przysz\u0142ego roku b\u0119dzie obowi\u0105zywa\u0142 natomiast nowy taryfikator. Co si\u0119 zmieni? Na co po\u0142o\u017cono nacisk podczas nadchodz\u0105cej zmiany w wysoko\u015bci mandat\u00f3w i przyznawanych punkt\u00f3w karnych?<\/p>\n<h3><span class=\"ez-toc-section\" id=\"Podstawy_prawa_drogowego_%E2%80%93_mandaty_i_punkty\"><\/span>\n<b>Podstawy prawa drogowego \u2013 mandaty i punkty<\/b><span class=\"ez-toc-section-end\"><\/span><\/h3>\n<p>Kwestie tego, czy zachowanie kierowcy na drodze uznane zostanie za przest\u0119pstwo, czy te\u017c wykroczenie reguluj\u0105 przepisy Kodeksu Ruchu Drogowego. Ponadto dopuszcza on dwa rodzaje reakcji s\u0142u\u017cb pilnuj\u0105cych by prawa zapisane w nim by\u0142y przestrzegane, a mianowicie policja mo\u017ce upomnie\u0107 kierowc\u0119 lub te\u017c na\u0142o\u017cy\u0107 na niego kar\u0119. W tym drugim przypadku zawsze mamy do czynienia z mandatem i przypisanymi do niego (wed\u0142ug rodzaju wykroczenia) punktami karnymi, kt\u00f3re rozpisane s\u0105 w tzw. taryfikatorze (nie dotycz\u0105 one obcokrajowc\u00f3w). Finansowe dyscyplinowanie os\u00f3b dopuszczaj\u0105cych si\u0119 wykrocze\u0144 to zwykle kilkaset z\u0142otych. Istotny jest r\u00f3wnie\u017c sta\u017c za kierownic\u0105, gdy\u017c uzbieranie okre\u015blonej ilo\u015bci punkt\u00f3w karnych skutkuje odebraniem prawa jazdy:<br \/>\n&#8211; 24 pkt. je\u015bli kierowca posiada uprawnienia od wi\u0119cej ni\u017c 12 miesi\u0119cy,<br \/>\n&#8211; 20 pkt. je\u015bli prawo jazdy zosta\u0142o wydane mniej ni\u017c rok od zdania egzaminu.<\/p>\n<h3><span class=\"ez-toc-section\" id=\"Zaostrzenie_przepisow_ma_wymiar_dyscyplinujacy\"><\/span>\n<b>Zaostrzenie przepis\u00f3w ma wymiar dyscyplinuj\u0105cy<\/b><span class=\"ez-toc-section-end\"><\/span><\/h3>\n<p>Dla kierowcy oraz bezpiecze\u0144stwa innych u\u017cytkownik\u00f3w dr\u00f3g wa\u017cne powinno by\u0107 do\u015bwiadczenie \u201eza k\u00f3\u0142kiem\u201d oraz refleks, kt\u00f3ry nierzadko pomaga unikn\u0105\u0107 wielu niebezpiecznych sytuacji. \u015awie\u017co upieczeni posiadacze prawa jazdy si\u0142\u0105 rzeczy nie mieli odpowiednio du\u017co czasu by naby\u0107 owe przymioty, dlatego obni\u017cenie im maksymalnego progu punkt\u00f3w karnych ma za zadanie powstrzyma\u0107 niepo\u017c\u0105dane zachowania i brawur\u0119, a tym samym zwi\u0119kszy\u0107 bezpiecze\u0144stwo wszystkich podr\u00f3\u017cuj\u0105cych. Szacuje si\u0119, \u017ce w wypadkach na polskich drogach uczestnicz\u0105 zwykle m\u0142odzi i niedo\u015bwiadczeni kierowcy \u2013 zapewne st\u0105d owe dodatkowe restrykcje.<\/p>\n<h3><span class=\"ez-toc-section\" id=\"Na_co_polozono_nacisk_przy_zmianie_taryfikatora_na_2017_rok\"><\/span>\n<b>Na co po\u0142o\u017cono nacisk przy zmianie taryfikatora na 2017 rok?<\/b><span class=\"ez-toc-section-end\"><\/span><\/h3>\n<p>Naj\u015bwie\u017csze zmiany, jakie pojawi\u0142y si\u0119 w taryfikatorze i Kodeksie Ruchu Drogowego skupi\u0142y si\u0119 podczas aktualizacji przepis\u00f3w g\u0142\u00f3wnie na przeciwdzia\u0142aniu kolizjom na skrzy\u017cowaniach oraz wci\u0105\u017c sporej liczby wypadk\u00f3w z udzia\u0142em pieszych. M\u00f3wi\u0105c dok\u0142adniej znajdziemy tu aktualizacj\u0119 prawa dotycz\u0105c\u0105:<br \/>\n&#8211; wymuszania pierwsze\u0144stwa na drogach podporz\u0105dkowanych,<br \/>\n&#8211; wymuszania pierwsze\u0144stwa na pieszych.<\/p>\n<h3><span class=\"ez-toc-section\" id=\"Nowy_taryfikator\"><\/span>\n<b>Nowy taryfikator<\/b><span class=\"ez-toc-section-end\"><\/span><\/h3>\n<p>Zmiany w taryfikatorze punkt\u00f3w karnych obj\u0119\u0142y sob\u0105 kilka istotnych dla powy\u017cszych kategorii wykrocze\u0144 spraw. W aktualizacji przygotowanej na rok 2017 \u2013 obowi\u0105zuj\u0105cej od 1 stycznia \u2013 znajdziemy:<br \/>\n&#8211; jazd\u0119 po chodniku i przej\u015bciu dla pieszych (5 pkt karnych),<br \/>\n&#8211; wyprzedzanie z niew\u0142a\u015bciwej strony uczestnik\u00f3w ruchu sygnalizuj\u0105cych ch\u0119\u0107 skr\u0119tu w lew\u0105 stron\u0119 (3 pkt karne),<br \/>\n&#8211; uznanie winy spowodowania zagro\u017cenia innych os\u00f3b poza drog\u0105 publiczn\u0105, stref\u0105 ruchu i zamieszkania (6 pkt karnych),<br \/>\n&#8211; brak umo\u017cliwienia pieszym dost\u0119pu do \u015brodka komunikacji miejskiej lub chodnika poprzez zatrzymanie si\u0119 w niew\u0142a\u015bciwym miejscu, np. na pasach (3 pkt karne),<br \/>\n&#8211; wymuszenie pierwsze\u0144stwa na poje\u017adzie szynowym (6 pkt karnych).<\/p>\n<h3><span class=\"ez-toc-section\" id=\"Co_jeszcze_trzeba_poprawic\"><\/span>\n<b>Co jeszcze trzeba poprawi\u0107?<\/b><span class=\"ez-toc-section-end\"><\/span><\/h3>\n<p>Aktualizacja przepis\u00f3w by\u0142a niew\u0105tpliwie potrzebna, jednak jako eksperci motoryzacyjni chcieli by\u015bmy aby zwr\u00f3cono r\u00f3wnie\u017c uwag\u0119 na kilka innych problem\u00f3w, z kt\u00f3rymi musz\u0105 boryka\u0107 si\u0119 kierowcy. Wykroczenia, kt\u00f3re naszym zdaniem powinny otrzyma\u0107 surowszy wymiar kary to mi\u0119dzy innymi:<br \/>\n&#8211; wjazd na <a href=\"https:\/\/www.autotesto.pl\/blog\/kiedy-mozna-zawracac-na-skrzyzowaniu\/\">skrzy\u017cowanie<\/a> na czerwonym \u015bwietle,<br \/>\n&#8211; przekraczanie pr\u0119dko\u015bci,<br \/>\n&#8211; korzystanie z telefonu podczas prowadzenia samochodu,<br \/>\n&#8211; brak zapi\u0119tych pas\u00f3w podczas jazdy.<br \/>\nCho\u0107 statystyki z roku na rok przedstawiaj\u0105 si\u0119 coraz bardziej optymistycznie, to i tak polskie drogi plasuj\u0105 si\u0119 na szarym ko\u0144cu Europy pod wzgl\u0119dem bezpiecze\u0144stwa ich uczestnik\u00f3w. Mamy nadziej\u0119 wi\u0119c, \u017ce kolejne nowelizacje uwzgl\u0119dni\u0105 mi\u0119dzy innymi wskazane przez nas wykroczenia, kt\u00f3re nagminnie s\u0105 pope\u0142niane przez naszych rodak\u00f3w.<\/p>\n<p>Informujemy r\u00f3wnie\u017c, \u017ce od nowego roku system likwidacji \u201eoczek\u201d w punktach karnych, poprzez odj\u0119cie od puli na skutek dobrowolnego szkolenia raz na sze\u015b\u0107 miesi\u0119cy 6-\u015bciu z nich, jest ju\u017c nieaktualny. Teraz przekroczenie progu 24 punkt\u00f3w spowoduje, \u017ce prawo jazdy nie zostanie nam odebrane. Kierowca otrzyma za to skierowanie na kurs doszkalaj\u0105cy. To jednak nie wszystko. Je\u015bli taki kieruj\u0105cy w ci\u0105gu kolejnych 2 lat pope\u0142ni przest\u0119pstwo drogowe lub trzy wykroczenia uprawnienia zostan\u0105 mu odebrane.<\/p>\n<p>&nbsp;<\/p>\n","protected":false},"excerpt":{"rendered":"<p><span class=\"span-reading-time rt-reading-time\" style=\"display: block;\"><span class=\"rt-label rt-prefix\">Czas czytania artyku\u0142u:<\/span> <span class=\"rt-time\"> 3<\/span> <span class=\"rt-label rt-postfix\">minut<\/span><\/span>&nbsp; W powietrzy czujemy ju\u017c w zasadzie zapach i atmosfer\u0105 \u015bwi\u0105t Bo\u017cego Narodzenia, a nied\u0142ugo p\u00f3\u017aniej trzeba b\u0119dzie po\u017cegna\u0107 stary rok. Weszli\u015bmy w\u0142a\u015bnie w czas, gdy na drogach notuje si\u0119&#8230;<\/p>\n","protected":false},"author":2,"featured_media":635,"comment_status":"open","ping_status":"open","sticky":false,"template":"","format":"standard","meta":{"footnotes":""},"categories":[6,7],"tags":[],"class_list":["post-631","post","type-post","status-publish","format-standard","has-post-thumbnail","hentry","category-moto-lifestyle","category-porady-autotesto"],"aioseo_notices":[],"_links":{"self":[{"href":"https:\/\/www.autotesto.pl\/blog\/wp-json\/wp\/v2\/posts\/631","targetHints":{"allow":["GET"]}}],"collection":[{"href":"https:\/\/www.autotesto.pl\/blog\/wp-json\/wp\/v2\/posts"}],"about":[{"href":"https:\/\/www.autotesto.pl\/blog\/wp-json\/wp\/v2\/types\/post"}],"author":[{"embeddable":true,"href":"https:\/\/www.autotesto.pl\/blog\/wp-json\/wp\/v2\/users\/2"}],"replies":[{"embeddable":true,"href":"https:\/\/www.autotesto.pl\/blog\/wp-json\/wp\/v2\/comments?post=631"}],"version-history":[{"count":0,"href":"https:\/\/www.autotesto.pl\/blog\/wp-json\/wp\/v2\/posts\/631\/revisions"}],"wp:featuredmedia":[{"embeddable":true,"href":"https:\/\/www.autotesto.pl\/blog\/wp-json\/wp\/v2\/media\/635"}],"wp:attachment":[{"href":"https:\/\/www.autotesto.pl\/blog\/wp-json\/wp\/v2\/media?parent=631"}],"wp:term":[{"taxonomy":"category","embeddable":true,"href":"https:\/\/www.autotesto.pl\/blog\/wp-json\/wp\/v2\/categories?post=631"},{"taxonomy":"post_tag","embeddable":true,"href":"https:\/\/www.autotesto.pl\/blog\/wp-json\/wp\/v2\/tags?post=631"}],"curies":[{"name":"wp","href":"https:\/\/api.w.org\/{rel}","templated":true}]}}